{"id":162,"date":"2025-03-21T18:56:17","date_gmt":"2025-03-21T18:56:17","guid":{"rendered":"https:\/\/miedzierza.pl\/?p=162"},"modified":"2025-04-22T16:04:10","modified_gmt":"2025-04-22T16:04:10","slug":"miedzierscy-chlopi","status":"publish","type":"post","link":"https:\/\/miedzierza.pl\/?p=162","title":{"rendered":"Miedzierscy ch\u0142opi"},"content":{"rendered":"\n<p>Miedzierza by\u0142a wsi\u0105 szlacheck\u0105, czyli ziemia nale\u017ca\u0142a do pana, kt\u00f3ry posiada\u0142 pe\u0142n\u0105 w\u0142adz\u0119 i kontrol\u0119 nad zamieszkuj\u0105cymi j\u0105 lud\u017ami. Mieszka\u0144cami Miedzierzy byli zatem ch\u0142opi pa\u0144szczy\u017aniani. Jeden z podrozdzia\u0142\u00f3w ksi\u0105\u017cki \u201eMiedzierza wczoraj i dzi\u015b\u201d przedstawia, jak wygl\u0105da\u0142o \u017cycie tej warstwy spo\u0142ecznej. Czytelnik mo\u017ce si\u0119 z niego dowiedzie\u0107, jakie obowi\u0105zki wzgl\u0119dem pana mieli dawni Miedzierzanie, ile dni pa\u0144szczyzny musieli odrabia\u0107, jakie p\u0142acili daniny.<\/p>\n\n\n\n<p>Autorka korzysta\u0142a z wielu ksi\u0105\u017cek po\u015bwi\u0119conych historii ch\u0142op\u00f3w. Tematyka ta jest obecnie bardzo popularna na rynku wydawniczym. Szczeg\u00f3lnie ciekaw\u0105 i polecan\u0105 przez autork\u0119 lektur\u0105 jest praca Kamila Janickiego \u201ePa\u0144szczyzna. Prawdziwa historia polskiego niewolnictwa\u201d. Historyk stawia w niej tez\u0119, \u017ce: <\/p>\n\n\n\n<blockquote class=\"wp-block-quote is-layout-flow wp-block-quote-is-layout-flow\">\n<p><em>ch\u0142opi, jako jedyny stan spo\u0142eczny nad Wis\u0142\u0105, nie wyci\u0105gali \u017cadnych, najdrobniejszych korzy\u015bci z funkcjonowania pa\u0144stwa i w\u0142adzy zwierzchniej. Zarazem jednak to oni p\u0142acili przyt\u0142aczaj\u0105c\u0105 wi\u0119kszo\u015b\u0107 podatk\u00f3w w kraju.<\/em><\/p>\n<\/blockquote>\n\n\n\n<figure class=\"wp-block-image size-large\"><img loading=\"lazy\" decoding=\"async\" width=\"1024\" height=\"683\" src=\"https:\/\/miedzierza.pl\/wp-content\/uploads\/2025\/03\/Janicki-1024x683.jpg\" alt=\"\" class=\"wp-image-163\" srcset=\"https:\/\/miedzierza.pl\/wp-content\/uploads\/2025\/03\/Janicki-1024x683.jpg 1024w, https:\/\/miedzierza.pl\/wp-content\/uploads\/2025\/03\/Janicki-300x200.jpg 300w, https:\/\/miedzierza.pl\/wp-content\/uploads\/2025\/03\/Janicki-768x512.jpg 768w, https:\/\/miedzierza.pl\/wp-content\/uploads\/2025\/03\/Janicki-1536x1024.jpg 1536w, https:\/\/miedzierza.pl\/wp-content\/uploads\/2025\/03\/Janicki-2048x1365.jpg 2048w, https:\/\/miedzierza.pl\/wp-content\/uploads\/2025\/03\/Janicki-360x240.jpg 360w\" sizes=\"auto, (max-width: 1024px) 100vw, 1024px\" \/><\/figure>\n\n\n\n<p>Autorka \u201eMiedzierzy wczoraj i dzi\u015b\u201d w trakcie spotkania z Kamilem Janickim na Mi\u0119dzynarodowych Targach Ksi\u0105\u017cki w Krakowie w 2023 roku.<\/p>\n\n\n\n<figure class=\"wp-block-image size-full\"><img loading=\"lazy\" decoding=\"async\" width=\"709\" height=\"992\" src=\"https:\/\/miedzierza.pl\/wp-content\/uploads\/2025\/03\/Dedykacja.png\" alt=\"\" class=\"wp-image-164\" srcset=\"https:\/\/miedzierza.pl\/wp-content\/uploads\/2025\/03\/Dedykacja.png 709w, https:\/\/miedzierza.pl\/wp-content\/uploads\/2025\/03\/Dedykacja-214x300.png 214w\" sizes=\"auto, (max-width: 709px) 100vw, 709px\" \/><\/figure>\n\n\n\n<p><\/p>\n","protected":false},"excerpt":{"rendered":"<p>Miedzierza by\u0142a wsi\u0105 szlacheck\u0105, czyli ziemia nale\u017ca\u0142a do pana, kt\u00f3ry posiada\u0142 pe\u0142n\u0105 w\u0142adz\u0119 i kontrol\u0119 nad zamieszkuj\u0105cymi j\u0105 lud\u017ami. Mieszka\u0144cami Miedzierzy byli zatem ch\u0142opi pa\u0144szczy\u017aniani. Jeden z podrozdzia\u0142\u00f3w ksi\u0105\u017cki \u201eMiedzierza wczoraj i dzi\u015b\u201d przedstawia, jak wygl\u0105da\u0142o \u017cycie tej warstwy spo\u0142ecznej. Czytelnik mo\u017ce si\u0119 z niego dowiedzie\u0107, jakie obowi\u0105zki wzgl\u0119dem pana [&hellip;]<\/p>\n","protected":false},"author":1,"featured_media":168,"comment_status":"open","ping_status":"open","sticky":false,"template":"","format":"standard","meta":{"footnotes":""},"categories":[3],"tags":[],"class_list":["post-162","post","type-post","status-publish","format-standard","has-post-thumbnail","hentry","category-zrodla"],"yoast_head":"<!-- This site is optimized with the Yoast SEO plugin v24.7 - https:\/\/yoast.com\/wordpress\/plugins\/seo\/ -->\n<title>Miedzierscy ch\u0142opi - Miedzierza wczoraj i dzi\u015b<\/title>\n<meta name=\"robots\" content=\"index, follow, max-snippet:-1, max-image-preview:large, max-video-preview:-1\" \/>\n<link rel=\"canonical\" href=\"https:\/\/miedzierza.pl\/?p=162\" \/>\n<meta property=\"og:locale\" content=\"pl_PL\" \/>\n<meta property=\"og:type\" content=\"article\" \/>\n<meta property=\"og:title\" content=\"Miedzierscy ch\u0142opi - Miedzierza wczoraj i dzi\u015b\" \/>\n<meta property=\"og:description\" content=\"Miedzierza by\u0142a wsi\u0105 szlacheck\u0105, czyli ziemia nale\u017ca\u0142a do pana, kt\u00f3ry posiada\u0142 pe\u0142n\u0105 w\u0142adz\u0119 i kontrol\u0119 nad zamieszkuj\u0105cymi j\u0105 lud\u017ami. Mieszka\u0144cami Miedzierzy byli zatem ch\u0142opi pa\u0144szczy\u017aniani. Jeden z podrozdzia\u0142\u00f3w ksi\u0105\u017cki \u201eMiedzierza wczoraj i dzi\u015b\u201d przedstawia, jak wygl\u0105da\u0142o \u017cycie tej warstwy spo\u0142ecznej. Czytelnik mo\u017ce si\u0119 z niego dowiedzie\u0107, jakie obowi\u0105zki wzgl\u0119dem pana [&hellip;]\" \/>\n<meta property=\"og:url\" content=\"https:\/\/miedzierza.pl\/?p=162\" \/>\n<meta property=\"og:site_name\" content=\"Miedzierza wczoraj i dzi\u015b\" \/>\n<meta property=\"article:published_time\" content=\"2025-03-21T18:56:17+00:00\" \/>\n<meta property=\"article:modified_time\" content=\"2025-04-22T16:04:10+00:00\" \/>\n<meta property=\"og:image\" content=\"https:\/\/miedzierza.pl\/wp-content\/uploads\/2025\/03\/cropped-cropped-Janicki-scaled-1.jpg\" \/>\n\t<meta property=\"og:image:width\" content=\"1997\" \/>\n\t<meta property=\"og:image:height\" content=\"1149\" \/>\n\t<meta property=\"og:image:type\" content=\"image\/jpeg\" \/>\n<meta name=\"author\" content=\"Katarzyna Ga\u0142a\" \/>\n<meta name=\"twitter:card\" content=\"summary_large_image\" \/>\n<meta name=\"twitter:label1\" content=\"Napisane przez\" \/>\n\t<meta name=\"twitter:data1\" content=\"Katarzyna Ga\u0142a\" \/>\n\t<meta name=\"twitter:label2\" content=\"Szacowany czas czytania\" \/>\n\t<meta name=\"twitter:data2\" content=\"2 minuty\" \/>\n<script type=\"application\/ld+json\" class=\"yoast-schema-graph\">{\"@context\":\"https:\/\/schema.org\",\"@graph\":[{\"@type\":\"WebPage\",\"@id\":\"https:\/\/miedzierza.pl\/?p=162\",\"url\":\"https:\/\/miedzierza.pl\/?p=162\",\"name\":\"Miedzierscy ch\u0142opi - Miedzierza wczoraj i dzi\u015b\",\"isPartOf\":{\"@id\":\"https:\/\/miedzierza.pl\/#website\"},\"primaryImageOfPage\":{\"@id\":\"https:\/\/miedzierza.pl\/?p=162#primaryimage\"},\"image\":{\"@id\":\"https:\/\/miedzierza.pl\/?p=162#primaryimage\"},\"thumbnailUrl\":\"https:\/\/miedzierza.pl\/wp-content\/uploads\/2025\/03\/cropped-cropped-Janicki-scaled-1.jpg\",\"datePublished\":\"2025-03-21T18:56:17+00:00\",\"dateModified\":\"2025-04-22T16:04:10+00:00\",\"author\":{\"@id\":\"https:\/\/miedzierza.pl\/#\/schema\/person\/bbbeffb3caa45b3b5d1bc29886fa1794\"},\"breadcrumb\":{\"@id\":\"https:\/\/miedzierza.pl\/?p=162#breadcrumb\"},\"inLanguage\":\"pl-PL\",\"potentialAction\":[{\"@type\":\"ReadAction\",\"target\":[\"https:\/\/miedzierza.pl\/?p=162\"]}]},{\"@type\":\"ImageObject\",\"inLanguage\":\"pl-PL\",\"@id\":\"https:\/\/miedzierza.pl\/?p=162#primaryimage\",\"url\":\"https:\/\/miedzierza.pl\/wp-content\/uploads\/2025\/03\/cropped-cropped-Janicki-scaled-1.jpg\",\"contentUrl\":\"https:\/\/miedzierza.pl\/wp-content\/uploads\/2025\/03\/cropped-cropped-Janicki-scaled-1.jpg\",\"width\":1997,\"height\":1149},{\"@type\":\"BreadcrumbList\",\"@id\":\"https:\/\/miedzierza.pl\/?p=162#breadcrumb\",\"itemListElement\":[{\"@type\":\"ListItem\",\"position\":1,\"name\":\"Strona g\u0142\u00f3wna\",\"item\":\"https:\/\/miedzierza.pl\/\"},{\"@type\":\"ListItem\",\"position\":2,\"name\":\"Miedzierscy ch\u0142opi\"}]},{\"@type\":\"WebSite\",\"@id\":\"https:\/\/miedzierza.pl\/#website\",\"url\":\"https:\/\/miedzierza.pl\/\",\"name\":\"Miedzierza wczoraj i dzi\u015b\",\"description\":\"\",\"potentialAction\":[{\"@type\":\"SearchAction\",\"target\":{\"@type\":\"EntryPoint\",\"urlTemplate\":\"https:\/\/miedzierza.pl\/?s={search_term_string}\"},\"query-input\":{\"@type\":\"PropertyValueSpecification\",\"valueRequired\":true,\"valueName\":\"search_term_string\"}}],\"inLanguage\":\"pl-PL\"},{\"@type\":\"Person\",\"@id\":\"https:\/\/miedzierza.pl\/#\/schema\/person\/bbbeffb3caa45b3b5d1bc29886fa1794\",\"name\":\"Katarzyna Ga\u0142a\",\"image\":{\"@type\":\"ImageObject\",\"inLanguage\":\"pl-PL\",\"@id\":\"https:\/\/miedzierza.pl\/#\/schema\/person\/image\/\",\"url\":\"https:\/\/secure.gravatar.com\/avatar\/c618cd0835801ffdc5f714f82cfa305c?s=96&d=mm&r=g\",\"contentUrl\":\"https:\/\/secure.gravatar.com\/avatar\/c618cd0835801ffdc5f714f82cfa305c?s=96&d=mm&r=g\",\"caption\":\"Katarzyna Ga\u0142a\"},\"sameAs\":[\"https:\/\/miedzierza.pl\"],\"url\":\"https:\/\/miedzierza.pl\/?author=1\"}]}<\/script>\n<!-- \/ Yoast SEO plugin. -->","yoast_head_json":{"title":"Miedzierscy ch\u0142opi - Miedzierza wczoraj i dzi\u015b","robots":{"index":"index","follow":"follow","max-snippet":"max-snippet:-1","max-image-preview":"max-image-preview:large","max-video-preview":"max-video-preview:-1"},"canonical":"https:\/\/miedzierza.pl\/?p=162","og_locale":"pl_PL","og_type":"article","og_title":"Miedzierscy ch\u0142opi - Miedzierza wczoraj i dzi\u015b","og_description":"Miedzierza by\u0142a wsi\u0105 szlacheck\u0105, czyli ziemia nale\u017ca\u0142a do pana, kt\u00f3ry posiada\u0142 pe\u0142n\u0105 w\u0142adz\u0119 i kontrol\u0119 nad zamieszkuj\u0105cymi j\u0105 lud\u017ami. Mieszka\u0144cami Miedzierzy byli zatem ch\u0142opi pa\u0144szczy\u017aniani. Jeden z podrozdzia\u0142\u00f3w ksi\u0105\u017cki \u201eMiedzierza wczoraj i dzi\u015b\u201d przedstawia, jak wygl\u0105da\u0142o \u017cycie tej warstwy spo\u0142ecznej. Czytelnik mo\u017ce si\u0119 z niego dowiedzie\u0107, jakie obowi\u0105zki wzgl\u0119dem pana [&hellip;]","og_url":"https:\/\/miedzierza.pl\/?p=162","og_site_name":"Miedzierza wczoraj i dzi\u015b","article_published_time":"2025-03-21T18:56:17+00:00","article_modified_time":"2025-04-22T16:04:10+00:00","og_image":[{"width":1997,"height":1149,"url":"https:\/\/miedzierza.pl\/wp-content\/uploads\/2025\/03\/cropped-cropped-Janicki-scaled-1.jpg","type":"image\/jpeg"}],"author":"Katarzyna Ga\u0142a","twitter_card":"summary_large_image","twitter_misc":{"Napisane przez":"Katarzyna Ga\u0142a","Szacowany czas czytania":"2 minuty"},"schema":{"@context":"https:\/\/schema.org","@graph":[{"@type":"WebPage","@id":"https:\/\/miedzierza.pl\/?p=162","url":"https:\/\/miedzierza.pl\/?p=162","name":"Miedzierscy ch\u0142opi - Miedzierza wczoraj i dzi\u015b","isPartOf":{"@id":"https:\/\/miedzierza.pl\/#website"},"primaryImageOfPage":{"@id":"https:\/\/miedzierza.pl\/?p=162#primaryimage"},"image":{"@id":"https:\/\/miedzierza.pl\/?p=162#primaryimage"},"thumbnailUrl":"https:\/\/miedzierza.pl\/wp-content\/uploads\/2025\/03\/cropped-cropped-Janicki-scaled-1.jpg","datePublished":"2025-03-21T18:56:17+00:00","dateModified":"2025-04-22T16:04:10+00:00","author":{"@id":"https:\/\/miedzierza.pl\/#\/schema\/person\/bbbeffb3caa45b3b5d1bc29886fa1794"},"breadcrumb":{"@id":"https:\/\/miedzierza.pl\/?p=162#breadcrumb"},"inLanguage":"pl-PL","potentialAction":[{"@type":"ReadAction","target":["https:\/\/miedzierza.pl\/?p=162"]}]},{"@type":"ImageObject","inLanguage":"pl-PL","@id":"https:\/\/miedzierza.pl\/?p=162#primaryimage","url":"https:\/\/miedzierza.pl\/wp-content\/uploads\/2025\/03\/cropped-cropped-Janicki-scaled-1.jpg","contentUrl":"https:\/\/miedzierza.pl\/wp-content\/uploads\/2025\/03\/cropped-cropped-Janicki-scaled-1.jpg","width":1997,"height":1149},{"@type":"BreadcrumbList","@id":"https:\/\/miedzierza.pl\/?p=162#breadcrumb","itemListElement":[{"@type":"ListItem","position":1,"name":"Strona g\u0142\u00f3wna","item":"https:\/\/miedzierza.pl\/"},{"@type":"ListItem","position":2,"name":"Miedzierscy ch\u0142opi"}]},{"@type":"WebSite","@id":"https:\/\/miedzierza.pl\/#website","url":"https:\/\/miedzierza.pl\/","name":"Miedzierza wczoraj i dzi\u015b","description":"","potentialAction":[{"@type":"SearchAction","target":{"@type":"EntryPoint","urlTemplate":"https:\/\/miedzierza.pl\/?s={search_term_string}"},"query-input":{"@type":"PropertyValueSpecification","valueRequired":true,"valueName":"search_term_string"}}],"inLanguage":"pl-PL"},{"@type":"Person","@id":"https:\/\/miedzierza.pl\/#\/schema\/person\/bbbeffb3caa45b3b5d1bc29886fa1794","name":"Katarzyna Ga\u0142a","image":{"@type":"ImageObject","inLanguage":"pl-PL","@id":"https:\/\/miedzierza.pl\/#\/schema\/person\/image\/","url":"https:\/\/secure.gravatar.com\/avatar\/c618cd0835801ffdc5f714f82cfa305c?s=96&d=mm&r=g","contentUrl":"https:\/\/secure.gravatar.com\/avatar\/c618cd0835801ffdc5f714f82cfa305c?s=96&d=mm&r=g","caption":"Katarzyna Ga\u0142a"},"sameAs":["https:\/\/miedzierza.pl"],"url":"https:\/\/miedzierza.pl\/?author=1"}]}},"blog_post_layout_featured_media_urls":{"thumbnail":["https:\/\/miedzierza.pl\/wp-content\/uploads\/2025\/03\/cropped-cropped-Janicki-scaled-1-150x150.jpg",150,150,true],"full":["https:\/\/miedzierza.pl\/wp-content\/uploads\/2025\/03\/cropped-cropped-Janicki-scaled-1.jpg",1997,1149,false]},"categories_names":{"3":{"name":"\u0179r\u00f3d\u0142a","link":"https:\/\/miedzierza.pl\/?cat=3"}},"tags_names":[],"comments_number":"0","_links":{"self":[{"href":"https:\/\/miedzierza.pl\/index.php?rest_route=\/wp\/v2\/posts\/162","targetHints":{"allow":["GET"]}}],"collection":[{"href":"https:\/\/miedzierza.pl\/index.php?rest_route=\/wp\/v2\/posts"}],"about":[{"href":"https:\/\/miedzierza.pl\/index.php?rest_route=\/wp\/v2\/types\/post"}],"author":[{"embeddable":true,"href":"https:\/\/miedzierza.pl\/index.php?rest_route=\/wp\/v2\/users\/1"}],"replies":[{"embeddable":true,"href":"https:\/\/miedzierza.pl\/index.php?rest_route=%2Fwp%2Fv2%2Fcomments&post=162"}],"version-history":[{"count":3,"href":"https:\/\/miedzierza.pl\/index.php?rest_route=\/wp\/v2\/posts\/162\/revisions"}],"predecessor-version":[{"id":204,"href":"https:\/\/miedzierza.pl\/index.php?rest_route=\/wp\/v2\/posts\/162\/revisions\/204"}],"wp:featuredmedia":[{"embeddable":true,"href":"https:\/\/miedzierza.pl\/index.php?rest_route=\/wp\/v2\/media\/168"}],"wp:attachment":[{"href":"https:\/\/miedzierza.pl\/index.php?rest_route=%2Fwp%2Fv2%2Fmedia&parent=162"}],"wp:term":[{"taxonomy":"category","embeddable":true,"href":"https:\/\/miedzierza.pl\/index.php?rest_route=%2Fwp%2Fv2%2Fcategories&post=162"},{"taxonomy":"post_tag","embeddable":true,"href":"https:\/\/miedzierza.pl\/index.php?rest_route=%2Fwp%2Fv2%2Ftags&post=162"}],"curies":[{"name":"wp","href":"https:\/\/api.w.org\/{rel}","templated":true}]}}