{"id":176,"date":"2025-04-03T10:59:46","date_gmt":"2025-04-03T10:59:46","guid":{"rendered":"https:\/\/miedzierza.pl\/?p=176"},"modified":"2025-04-03T11:09:46","modified_gmt":"2025-04-03T11:09:46","slug":"rozmowy-z-miedzierzanami","status":"publish","type":"post","link":"https:\/\/miedzierza.pl\/?p=176","title":{"rendered":"Rozmowy z Miedzierzanami"},"content":{"rendered":"\n<p>W trakcie pracy nad ksi\u0105\u017ck\u0105 \u201eMiedzierza wczoraj i dzi\u015b\u201d autorka przeprowadzi\u0142a ponad 50 rozm\u00f3w z by\u0142ymi i obecnymi mieszka\u0144cami i mieszkankami Miedzierzy. W\u015br\u00f3d nich by\u0142y najstarsze Miedzierzanki: Janina Czeczot, Leokadia Mijas, Regina M\u0105kosa, Krystyna P\u0119czkowska oraz Janina Kwiecie\u0144. <\/p>\n\n\n\n<p>Od autorki:<\/p>\n\n\n\n<blockquote class=\"wp-block-quote is-layout-flow wp-block-quote-is-layout-flow\">\n<p>Rozmowy z mieszka\u0144cami by\u0142y najprzyjemniejsz\u0105 cz\u0119\u015bci\u0105 pracy nad ksi\u0105\u017ck\u0105. Najmilej wspominam spotkania z najstarszymi Miedzierzankami. Dzi\u0119ki nim mog\u0142am dowiedzie\u0107 si\u0119 wielu rzeczy na temat historii Miedzierzy oraz zweryfikowa\u0107 r\u00f3\u017cne informacje. Takie spotkania s\u0105 dla mnie niezwykle warto\u015bciowymi podr\u00f3\u017cami w przesz\u0142o\u015b\u0107 niczym w jakiej\u015b magicznej kapsule czasu. W ten spos\u00f3b mog\u0119 nie tylko ustali\u0107 przebieg dawnych wydarze\u0144, ale te\u017c pozna\u0107 klimat i emocje, kt\u00f3re im towarzyszy\u0142y. Du\u017c\u0105 wag\u0119, przywi\u0105zuj\u0119 r\u00f3wnie\u017c do tego, jak te starsze osoby odbiera\u0142y dane zdarzenie w m\u0142odo\u015bci, a jak podchodz\u0105 do niego dzisiaj.<\/p>\n\n\n\n<p>Starsi ludzie s\u0105 dla mnie jak \u201ep\u0142on\u0105ce archiwa\u201d. Stanowi\u0105 \u017ar\u00f3d\u0142o wielu cennych informacji, dzi\u0119ki kt\u00f3rym mo\u017cemy dowiedzie\u0107 si\u0119 czego\u015b wi\u0119cej na temat przesz\u0142o\u015bci. Uwa\u017cam, \u017ce rol\u0105 m\u0142odszych pokole\u0144 jest ocalenie tej wiedzy przed zapomnieniem. Pr\u0119dzej czy p\u00f3\u017aniej przyjdzie bowiem czas, kiedy nie b\u0119dziemy mieli ju\u017c mo\u017cliwo\u015bci skorzystania z tego jak\u017ce wa\u017cnego archiwalnego zasobu, jakim jest ich pami\u0119\u0107.<\/p>\n<\/blockquote>\n\n\n\n<p>Na zdj\u0119ciu autorka ksi\u0105\u017cki z Janin\u0105 Kwiecie\u0144 z Miedzierzy.<\/p>\n\n\n\n<figure class=\"wp-block-image size-large\"><img loading=\"lazy\" decoding=\"async\" width=\"1024\" height=\"714\" src=\"https:\/\/miedzierza.pl\/wp-content\/uploads\/2025\/04\/Kwiecien-1024x714.jpg\" alt=\"\" class=\"wp-image-177\" srcset=\"https:\/\/miedzierza.pl\/wp-content\/uploads\/2025\/04\/Kwiecien-1024x714.jpg 1024w, https:\/\/miedzierza.pl\/wp-content\/uploads\/2025\/04\/Kwiecien-300x209.jpg 300w, https:\/\/miedzierza.pl\/wp-content\/uploads\/2025\/04\/Kwiecien-768x535.jpg 768w, https:\/\/miedzierza.pl\/wp-content\/uploads\/2025\/04\/Kwiecien-1536x1070.jpg 1536w, https:\/\/miedzierza.pl\/wp-content\/uploads\/2025\/04\/Kwiecien-2048x1427.jpg 2048w\" sizes=\"auto, (max-width: 1024px) 100vw, 1024px\" \/><\/figure>\n","protected":false},"excerpt":{"rendered":"<p>W trakcie pracy nad ksi\u0105\u017ck\u0105 \u201eMiedzierza wczoraj i dzi\u015b\u201d autorka przeprowadzi\u0142a ponad 50 rozm\u00f3w z by\u0142ymi i obecnymi mieszka\u0144cami i mieszkankami Miedzierzy. W\u015br\u00f3d nich by\u0142y najstarsze Miedzierzanki: Janina Czeczot, Leokadia Mijas, Regina M\u0105kosa, Krystyna P\u0119czkowska oraz Janina Kwiecie\u0144. Od autorki: Rozmowy z mieszka\u0144cami by\u0142y najprzyjemniejsz\u0105 cz\u0119\u015bci\u0105 pracy nad ksi\u0105\u017ck\u0105. Najmilej [&hellip;]<\/p>\n","protected":false},"author":1,"featured_media":177,"comment_status":"open","ping_status":"open","sticky":false,"template":"","format":"standard","meta":{"footnotes":""},"categories":[4],"tags":[],"class_list":["post-176","post","type-post","status-publish","format-standard","has-post-thumbnail","hentry","category-ludzie"],"yoast_head":"<!-- This site is optimized with the Yoast SEO plugin v24.7 - https:\/\/yoast.com\/wordpress\/plugins\/seo\/ -->\n<title>Rozmowy z Miedzierzanami - Miedzierza wczoraj i dzi\u015b<\/title>\n<meta name=\"robots\" content=\"index, follow, max-snippet:-1, max-image-preview:large, max-video-preview:-1\" \/>\n<link rel=\"canonical\" href=\"https:\/\/miedzierza.pl\/?p=176\" \/>\n<meta property=\"og:locale\" content=\"pl_PL\" \/>\n<meta property=\"og:type\" content=\"article\" \/>\n<meta property=\"og:title\" content=\"Rozmowy z Miedzierzanami - Miedzierza wczoraj i dzi\u015b\" \/>\n<meta property=\"og:description\" content=\"W trakcie pracy nad ksi\u0105\u017ck\u0105 \u201eMiedzierza wczoraj i dzi\u015b\u201d autorka przeprowadzi\u0142a ponad 50 rozm\u00f3w z by\u0142ymi i obecnymi mieszka\u0144cami i mieszkankami Miedzierzy. W\u015br\u00f3d nich by\u0142y najstarsze Miedzierzanki: Janina Czeczot, Leokadia Mijas, Regina M\u0105kosa, Krystyna P\u0119czkowska oraz Janina Kwiecie\u0144. Od autorki: Rozmowy z mieszka\u0144cami by\u0142y najprzyjemniejsz\u0105 cz\u0119\u015bci\u0105 pracy nad ksi\u0105\u017ck\u0105. Najmilej [&hellip;]\" \/>\n<meta property=\"og:url\" content=\"https:\/\/miedzierza.pl\/?p=176\" \/>\n<meta property=\"og:site_name\" content=\"Miedzierza wczoraj i dzi\u015b\" \/>\n<meta property=\"article:published_time\" content=\"2025-04-03T10:59:46+00:00\" \/>\n<meta property=\"article:modified_time\" content=\"2025-04-03T11:09:46+00:00\" \/>\n<meta property=\"og:image\" content=\"https:\/\/miedzierza.pl\/wp-content\/uploads\/2025\/04\/Kwiecien-scaled.jpg\" \/>\n\t<meta property=\"og:image:width\" content=\"2560\" \/>\n\t<meta property=\"og:image:height\" content=\"1784\" \/>\n\t<meta property=\"og:image:type\" content=\"image\/jpeg\" \/>\n<meta name=\"author\" content=\"Katarzyna Ga\u0142a\" \/>\n<meta name=\"twitter:card\" content=\"summary_large_image\" \/>\n<meta name=\"twitter:label1\" content=\"Napisane przez\" \/>\n\t<meta name=\"twitter:data1\" content=\"Katarzyna Ga\u0142a\" \/>\n\t<meta name=\"twitter:label2\" content=\"Szacowany czas czytania\" \/>\n\t<meta name=\"twitter:data2\" content=\"1 minuta\" \/>\n<script type=\"application\/ld+json\" class=\"yoast-schema-graph\">{\"@context\":\"https:\/\/schema.org\",\"@graph\":[{\"@type\":\"WebPage\",\"@id\":\"https:\/\/miedzierza.pl\/?p=176\",\"url\":\"https:\/\/miedzierza.pl\/?p=176\",\"name\":\"Rozmowy z Miedzierzanami - Miedzierza wczoraj i dzi\u015b\",\"isPartOf\":{\"@id\":\"https:\/\/miedzierza.pl\/#website\"},\"primaryImageOfPage\":{\"@id\":\"https:\/\/miedzierza.pl\/?p=176#primaryimage\"},\"image\":{\"@id\":\"https:\/\/miedzierza.pl\/?p=176#primaryimage\"},\"thumbnailUrl\":\"https:\/\/miedzierza.pl\/wp-content\/uploads\/2025\/04\/Kwiecien-scaled.jpg\",\"datePublished\":\"2025-04-03T10:59:46+00:00\",\"dateModified\":\"2025-04-03T11:09:46+00:00\",\"author\":{\"@id\":\"https:\/\/miedzierza.pl\/#\/schema\/person\/bbbeffb3caa45b3b5d1bc29886fa1794\"},\"breadcrumb\":{\"@id\":\"https:\/\/miedzierza.pl\/?p=176#breadcrumb\"},\"inLanguage\":\"pl-PL\",\"potentialAction\":[{\"@type\":\"ReadAction\",\"target\":[\"https:\/\/miedzierza.pl\/?p=176\"]}]},{\"@type\":\"ImageObject\",\"inLanguage\":\"pl-PL\",\"@id\":\"https:\/\/miedzierza.pl\/?p=176#primaryimage\",\"url\":\"https:\/\/miedzierza.pl\/wp-content\/uploads\/2025\/04\/Kwiecien-scaled.jpg\",\"contentUrl\":\"https:\/\/miedzierza.pl\/wp-content\/uploads\/2025\/04\/Kwiecien-scaled.jpg\",\"width\":2560,\"height\":1784},{\"@type\":\"BreadcrumbList\",\"@id\":\"https:\/\/miedzierza.pl\/?p=176#breadcrumb\",\"itemListElement\":[{\"@type\":\"ListItem\",\"position\":1,\"name\":\"Strona g\u0142\u00f3wna\",\"item\":\"https:\/\/miedzierza.pl\/\"},{\"@type\":\"ListItem\",\"position\":2,\"name\":\"Rozmowy z Miedzierzanami\"}]},{\"@type\":\"WebSite\",\"@id\":\"https:\/\/miedzierza.pl\/#website\",\"url\":\"https:\/\/miedzierza.pl\/\",\"name\":\"Miedzierza wczoraj i dzi\u015b\",\"description\":\"\",\"potentialAction\":[{\"@type\":\"SearchAction\",\"target\":{\"@type\":\"EntryPoint\",\"urlTemplate\":\"https:\/\/miedzierza.pl\/?s={search_term_string}\"},\"query-input\":{\"@type\":\"PropertyValueSpecification\",\"valueRequired\":true,\"valueName\":\"search_term_string\"}}],\"inLanguage\":\"pl-PL\"},{\"@type\":\"Person\",\"@id\":\"https:\/\/miedzierza.pl\/#\/schema\/person\/bbbeffb3caa45b3b5d1bc29886fa1794\",\"name\":\"Katarzyna Ga\u0142a\",\"image\":{\"@type\":\"ImageObject\",\"inLanguage\":\"pl-PL\",\"@id\":\"https:\/\/miedzierza.pl\/#\/schema\/person\/image\/\",\"url\":\"https:\/\/secure.gravatar.com\/avatar\/c618cd0835801ffdc5f714f82cfa305c?s=96&d=mm&r=g\",\"contentUrl\":\"https:\/\/secure.gravatar.com\/avatar\/c618cd0835801ffdc5f714f82cfa305c?s=96&d=mm&r=g\",\"caption\":\"Katarzyna Ga\u0142a\"},\"sameAs\":[\"https:\/\/miedzierza.pl\"],\"url\":\"https:\/\/miedzierza.pl\/?author=1\"}]}<\/script>\n<!-- \/ Yoast SEO plugin. -->","yoast_head_json":{"title":"Rozmowy z Miedzierzanami - Miedzierza wczoraj i dzi\u015b","robots":{"index":"index","follow":"follow","max-snippet":"max-snippet:-1","max-image-preview":"max-image-preview:large","max-video-preview":"max-video-preview:-1"},"canonical":"https:\/\/miedzierza.pl\/?p=176","og_locale":"pl_PL","og_type":"article","og_title":"Rozmowy z Miedzierzanami - Miedzierza wczoraj i dzi\u015b","og_description":"W trakcie pracy nad ksi\u0105\u017ck\u0105 \u201eMiedzierza wczoraj i dzi\u015b\u201d autorka przeprowadzi\u0142a ponad 50 rozm\u00f3w z by\u0142ymi i obecnymi mieszka\u0144cami i mieszkankami Miedzierzy. W\u015br\u00f3d nich by\u0142y najstarsze Miedzierzanki: Janina Czeczot, Leokadia Mijas, Regina M\u0105kosa, Krystyna P\u0119czkowska oraz Janina Kwiecie\u0144. Od autorki: Rozmowy z mieszka\u0144cami by\u0142y najprzyjemniejsz\u0105 cz\u0119\u015bci\u0105 pracy nad ksi\u0105\u017ck\u0105. Najmilej [&hellip;]","og_url":"https:\/\/miedzierza.pl\/?p=176","og_site_name":"Miedzierza wczoraj i dzi\u015b","article_published_time":"2025-04-03T10:59:46+00:00","article_modified_time":"2025-04-03T11:09:46+00:00","og_image":[{"width":2560,"height":1784,"url":"https:\/\/miedzierza.pl\/wp-content\/uploads\/2025\/04\/Kwiecien-scaled.jpg","type":"image\/jpeg"}],"author":"Katarzyna Ga\u0142a","twitter_card":"summary_large_image","twitter_misc":{"Napisane przez":"Katarzyna Ga\u0142a","Szacowany czas czytania":"1 minuta"},"schema":{"@context":"https:\/\/schema.org","@graph":[{"@type":"WebPage","@id":"https:\/\/miedzierza.pl\/?p=176","url":"https:\/\/miedzierza.pl\/?p=176","name":"Rozmowy z Miedzierzanami - Miedzierza wczoraj i dzi\u015b","isPartOf":{"@id":"https:\/\/miedzierza.pl\/#website"},"primaryImageOfPage":{"@id":"https:\/\/miedzierza.pl\/?p=176#primaryimage"},"image":{"@id":"https:\/\/miedzierza.pl\/?p=176#primaryimage"},"thumbnailUrl":"https:\/\/miedzierza.pl\/wp-content\/uploads\/2025\/04\/Kwiecien-scaled.jpg","datePublished":"2025-04-03T10:59:46+00:00","dateModified":"2025-04-03T11:09:46+00:00","author":{"@id":"https:\/\/miedzierza.pl\/#\/schema\/person\/bbbeffb3caa45b3b5d1bc29886fa1794"},"breadcrumb":{"@id":"https:\/\/miedzierza.pl\/?p=176#breadcrumb"},"inLanguage":"pl-PL","potentialAction":[{"@type":"ReadAction","target":["https:\/\/miedzierza.pl\/?p=176"]}]},{"@type":"ImageObject","inLanguage":"pl-PL","@id":"https:\/\/miedzierza.pl\/?p=176#primaryimage","url":"https:\/\/miedzierza.pl\/wp-content\/uploads\/2025\/04\/Kwiecien-scaled.jpg","contentUrl":"https:\/\/miedzierza.pl\/wp-content\/uploads\/2025\/04\/Kwiecien-scaled.jpg","width":2560,"height":1784},{"@type":"BreadcrumbList","@id":"https:\/\/miedzierza.pl\/?p=176#breadcrumb","itemListElement":[{"@type":"ListItem","position":1,"name":"Strona g\u0142\u00f3wna","item":"https:\/\/miedzierza.pl\/"},{"@type":"ListItem","position":2,"name":"Rozmowy z Miedzierzanami"}]},{"@type":"WebSite","@id":"https:\/\/miedzierza.pl\/#website","url":"https:\/\/miedzierza.pl\/","name":"Miedzierza wczoraj i dzi\u015b","description":"","potentialAction":[{"@type":"SearchAction","target":{"@type":"EntryPoint","urlTemplate":"https:\/\/miedzierza.pl\/?s={search_term_string}"},"query-input":{"@type":"PropertyValueSpecification","valueRequired":true,"valueName":"search_term_string"}}],"inLanguage":"pl-PL"},{"@type":"Person","@id":"https:\/\/miedzierza.pl\/#\/schema\/person\/bbbeffb3caa45b3b5d1bc29886fa1794","name":"Katarzyna Ga\u0142a","image":{"@type":"ImageObject","inLanguage":"pl-PL","@id":"https:\/\/miedzierza.pl\/#\/schema\/person\/image\/","url":"https:\/\/secure.gravatar.com\/avatar\/c618cd0835801ffdc5f714f82cfa305c?s=96&d=mm&r=g","contentUrl":"https:\/\/secure.gravatar.com\/avatar\/c618cd0835801ffdc5f714f82cfa305c?s=96&d=mm&r=g","caption":"Katarzyna Ga\u0142a"},"sameAs":["https:\/\/miedzierza.pl"],"url":"https:\/\/miedzierza.pl\/?author=1"}]}},"blog_post_layout_featured_media_urls":{"thumbnail":["https:\/\/miedzierza.pl\/wp-content\/uploads\/2025\/04\/Kwiecien-150x150.jpg",150,150,true],"full":["https:\/\/miedzierza.pl\/wp-content\/uploads\/2025\/04\/Kwiecien-scaled.jpg",2560,1784,false]},"categories_names":{"4":{"name":"Ludzie","link":"https:\/\/miedzierza.pl\/?cat=4"}},"tags_names":[],"comments_number":"0","_links":{"self":[{"href":"https:\/\/miedzierza.pl\/index.php?rest_route=\/wp\/v2\/posts\/176","targetHints":{"allow":["GET"]}}],"collection":[{"href":"https:\/\/miedzierza.pl\/index.php?rest_route=\/wp\/v2\/posts"}],"about":[{"href":"https:\/\/miedzierza.pl\/index.php?rest_route=\/wp\/v2\/types\/post"}],"author":[{"embeddable":true,"href":"https:\/\/miedzierza.pl\/index.php?rest_route=\/wp\/v2\/users\/1"}],"replies":[{"embeddable":true,"href":"https:\/\/miedzierza.pl\/index.php?rest_route=%2Fwp%2Fv2%2Fcomments&post=176"}],"version-history":[{"count":2,"href":"https:\/\/miedzierza.pl\/index.php?rest_route=\/wp\/v2\/posts\/176\/revisions"}],"predecessor-version":[{"id":180,"href":"https:\/\/miedzierza.pl\/index.php?rest_route=\/wp\/v2\/posts\/176\/revisions\/180"}],"wp:featuredmedia":[{"embeddable":true,"href":"https:\/\/miedzierza.pl\/index.php?rest_route=\/wp\/v2\/media\/177"}],"wp:attachment":[{"href":"https:\/\/miedzierza.pl\/index.php?rest_route=%2Fwp%2Fv2%2Fmedia&parent=176"}],"wp:term":[{"taxonomy":"category","embeddable":true,"href":"https:\/\/miedzierza.pl\/index.php?rest_route=%2Fwp%2Fv2%2Fcategories&post=176"},{"taxonomy":"post_tag","embeddable":true,"href":"https:\/\/miedzierza.pl\/index.php?rest_route=%2Fwp%2Fv2%2Ftags&post=176"}],"curies":[{"name":"wp","href":"https:\/\/api.w.org\/{rel}","templated":true}]}}