{"id":206,"date":"2025-05-16T15:03:28","date_gmt":"2025-05-16T15:03:28","guid":{"rendered":"https:\/\/miedzierza.pl\/?p=206"},"modified":"2025-05-16T15:04:36","modified_gmt":"2025-05-16T15:04:36","slug":"muzeum-ludowe-w-adamowie","status":"publish","type":"post","link":"https:\/\/miedzierza.pl\/?p=206","title":{"rendered":"Muzeum Ludowe w Adamowie"},"content":{"rendered":"\n<p>W trakcie pracy nad ksi\u0105\u017ck\u0105 autorka wielokrotnie korzysta\u0142a z go\u015bciny w Muzeum Ludowym w Adamowie, kt\u00f3re jest prowadzone przez Jana i Teres\u0119 Krawczyk\u00f3w. Znajduje si\u0119 w nim wiele eksponat\u00f3w i dokument\u00f3w zwi\u0105zanych z histori\u0105 gminy Smyk\u00f3w. <\/p>\n\n\n\n<p>Od autorki:<\/p>\n\n\n\n<blockquote class=\"wp-block-quote is-layout-flow wp-block-quote-is-layout-flow\">\n<p>Pan Jan przekaza\u0142 mi wiele cennych dokument\u00f3w, ksi\u0105\u017cek i artyku\u0142\u00f3w, z kt\u00f3rych mog\u0142am korzysta\u0107 podczas pracy nad publikacj\u0105. Spotkania z Pa\u0144stwem Krawczykami by\u0142y dla mnie r\u00f3wnie\u017c okazj\u0105 do inspiruj\u0105cych rozm\u00f3w i historycznych docieka\u0144. Ich zaanga\u017cowanie w propagowanie historii i kultury gminy Smyk\u00f3w zas\u0142uguje na najwy\u017csze uznanie. My\u015bl\u0119, \u017ce wizyta w Muzeum Ludowym w Adamowie z pewno\u015bci\u0105 b\u0119dzie dla czytelnik\u00f3w cennym uzupe\u0142nieniem lektury ksi\u0105\u017cki &#8222;Miedzierza wczoraj i dzi\u015b&#8221;.<\/p>\n<\/blockquote>\n\n\n\n<figure class=\"wp-block-image size-large\"><img loading=\"lazy\" decoding=\"async\" width=\"1024\" height=\"771\" src=\"https:\/\/miedzierza.pl\/wp-content\/uploads\/2025\/05\/PXL_20250417_121110567-1024x771.jpg\" alt=\"\" class=\"wp-image-207\" srcset=\"https:\/\/miedzierza.pl\/wp-content\/uploads\/2025\/05\/PXL_20250417_121110567-1024x771.jpg 1024w, https:\/\/miedzierza.pl\/wp-content\/uploads\/2025\/05\/PXL_20250417_121110567-300x226.jpg 300w, https:\/\/miedzierza.pl\/wp-content\/uploads\/2025\/05\/PXL_20250417_121110567-768x578.jpg 768w, https:\/\/miedzierza.pl\/wp-content\/uploads\/2025\/05\/PXL_20250417_121110567-1536x1157.jpg 1536w, https:\/\/miedzierza.pl\/wp-content\/uploads\/2025\/05\/PXL_20250417_121110567-2048x1542.jpg 2048w\" sizes=\"auto, (max-width: 1024px) 100vw, 1024px\" \/><\/figure>\n","protected":false},"excerpt":{"rendered":"<p>W trakcie pracy nad ksi\u0105\u017ck\u0105 autorka wielokrotnie korzysta\u0142a z go\u015bciny w Muzeum Ludowym w Adamowie, kt\u00f3re jest prowadzone przez Jana i Teres\u0119 Krawczyk\u00f3w. Znajduje si\u0119 w nim wiele eksponat\u00f3w i dokument\u00f3w zwi\u0105zanych z histori\u0105 gminy Smyk\u00f3w. Od autorki: Pan Jan przekaza\u0142 mi wiele cennych dokument\u00f3w, ksi\u0105\u017cek i artyku\u0142\u00f3w, z kt\u00f3rych [&hellip;]<\/p>\n","protected":false},"author":1,"featured_media":207,"comment_status":"open","ping_status":"open","sticky":false,"template":"","format":"standard","meta":{"footnotes":""},"categories":[4],"tags":[],"class_list":["post-206","post","type-post","status-publish","format-standard","has-post-thumbnail","hentry","category-ludzie"],"yoast_head":"<!-- This site is optimized with the Yoast SEO plugin v24.7 - https:\/\/yoast.com\/wordpress\/plugins\/seo\/ -->\n<title>Muzeum Ludowe w Adamowie - Miedzierza wczoraj i dzi\u015b<\/title>\n<meta name=\"robots\" content=\"index, follow, max-snippet:-1, max-image-preview:large, max-video-preview:-1\" \/>\n<link rel=\"canonical\" href=\"https:\/\/miedzierza.pl\/?p=206\" \/>\n<meta property=\"og:locale\" content=\"pl_PL\" \/>\n<meta property=\"og:type\" content=\"article\" \/>\n<meta property=\"og:title\" content=\"Muzeum Ludowe w Adamowie - Miedzierza wczoraj i dzi\u015b\" \/>\n<meta property=\"og:description\" content=\"W trakcie pracy nad ksi\u0105\u017ck\u0105 autorka wielokrotnie korzysta\u0142a z go\u015bciny w Muzeum Ludowym w Adamowie, kt\u00f3re jest prowadzone przez Jana i Teres\u0119 Krawczyk\u00f3w. Znajduje si\u0119 w nim wiele eksponat\u00f3w i dokument\u00f3w zwi\u0105zanych z histori\u0105 gminy Smyk\u00f3w. Od autorki: Pan Jan przekaza\u0142 mi wiele cennych dokument\u00f3w, ksi\u0105\u017cek i artyku\u0142\u00f3w, z kt\u00f3rych [&hellip;]\" \/>\n<meta property=\"og:url\" content=\"https:\/\/miedzierza.pl\/?p=206\" \/>\n<meta property=\"og:site_name\" content=\"Miedzierza wczoraj i dzi\u015b\" \/>\n<meta property=\"article:published_time\" content=\"2025-05-16T15:03:28+00:00\" \/>\n<meta property=\"article:modified_time\" content=\"2025-05-16T15:04:36+00:00\" \/>\n<meta property=\"og:image\" content=\"https:\/\/miedzierza.pl\/wp-content\/uploads\/2025\/05\/PXL_20250417_121110567-scaled.jpg\" \/>\n\t<meta property=\"og:image:width\" content=\"2560\" \/>\n\t<meta property=\"og:image:height\" content=\"1928\" \/>\n\t<meta property=\"og:image:type\" content=\"image\/jpeg\" \/>\n<meta name=\"author\" content=\"Katarzyna Ga\u0142a\" \/>\n<meta name=\"twitter:card\" content=\"summary_large_image\" \/>\n<meta name=\"twitter:label1\" content=\"Napisane przez\" \/>\n\t<meta name=\"twitter:data1\" content=\"Katarzyna Ga\u0142a\" \/>\n\t<meta name=\"twitter:label2\" content=\"Szacowany czas czytania\" \/>\n\t<meta name=\"twitter:data2\" content=\"1 minuta\" \/>\n<script type=\"application\/ld+json\" class=\"yoast-schema-graph\">{\"@context\":\"https:\/\/schema.org\",\"@graph\":[{\"@type\":\"WebPage\",\"@id\":\"https:\/\/miedzierza.pl\/?p=206\",\"url\":\"https:\/\/miedzierza.pl\/?p=206\",\"name\":\"Muzeum Ludowe w Adamowie - Miedzierza wczoraj i dzi\u015b\",\"isPartOf\":{\"@id\":\"https:\/\/miedzierza.pl\/#website\"},\"primaryImageOfPage\":{\"@id\":\"https:\/\/miedzierza.pl\/?p=206#primaryimage\"},\"image\":{\"@id\":\"https:\/\/miedzierza.pl\/?p=206#primaryimage\"},\"thumbnailUrl\":\"https:\/\/miedzierza.pl\/wp-content\/uploads\/2025\/05\/PXL_20250417_121110567-scaled.jpg\",\"datePublished\":\"2025-05-16T15:03:28+00:00\",\"dateModified\":\"2025-05-16T15:04:36+00:00\",\"author\":{\"@id\":\"https:\/\/miedzierza.pl\/#\/schema\/person\/bbbeffb3caa45b3b5d1bc29886fa1794\"},\"breadcrumb\":{\"@id\":\"https:\/\/miedzierza.pl\/?p=206#breadcrumb\"},\"inLanguage\":\"pl-PL\",\"potentialAction\":[{\"@type\":\"ReadAction\",\"target\":[\"https:\/\/miedzierza.pl\/?p=206\"]}]},{\"@type\":\"ImageObject\",\"inLanguage\":\"pl-PL\",\"@id\":\"https:\/\/miedzierza.pl\/?p=206#primaryimage\",\"url\":\"https:\/\/miedzierza.pl\/wp-content\/uploads\/2025\/05\/PXL_20250417_121110567-scaled.jpg\",\"contentUrl\":\"https:\/\/miedzierza.pl\/wp-content\/uploads\/2025\/05\/PXL_20250417_121110567-scaled.jpg\",\"width\":2560,\"height\":1928},{\"@type\":\"BreadcrumbList\",\"@id\":\"https:\/\/miedzierza.pl\/?p=206#breadcrumb\",\"itemListElement\":[{\"@type\":\"ListItem\",\"position\":1,\"name\":\"Strona g\u0142\u00f3wna\",\"item\":\"https:\/\/miedzierza.pl\/\"},{\"@type\":\"ListItem\",\"position\":2,\"name\":\"Muzeum Ludowe w Adamowie\"}]},{\"@type\":\"WebSite\",\"@id\":\"https:\/\/miedzierza.pl\/#website\",\"url\":\"https:\/\/miedzierza.pl\/\",\"name\":\"Miedzierza wczoraj i dzi\u015b\",\"description\":\"\",\"potentialAction\":[{\"@type\":\"SearchAction\",\"target\":{\"@type\":\"EntryPoint\",\"urlTemplate\":\"https:\/\/miedzierza.pl\/?s={search_term_string}\"},\"query-input\":{\"@type\":\"PropertyValueSpecification\",\"valueRequired\":true,\"valueName\":\"search_term_string\"}}],\"inLanguage\":\"pl-PL\"},{\"@type\":\"Person\",\"@id\":\"https:\/\/miedzierza.pl\/#\/schema\/person\/bbbeffb3caa45b3b5d1bc29886fa1794\",\"name\":\"Katarzyna Ga\u0142a\",\"image\":{\"@type\":\"ImageObject\",\"inLanguage\":\"pl-PL\",\"@id\":\"https:\/\/miedzierza.pl\/#\/schema\/person\/image\/\",\"url\":\"https:\/\/secure.gravatar.com\/avatar\/c618cd0835801ffdc5f714f82cfa305c?s=96&d=mm&r=g\",\"contentUrl\":\"https:\/\/secure.gravatar.com\/avatar\/c618cd0835801ffdc5f714f82cfa305c?s=96&d=mm&r=g\",\"caption\":\"Katarzyna Ga\u0142a\"},\"sameAs\":[\"https:\/\/miedzierza.pl\"],\"url\":\"https:\/\/miedzierza.pl\/?author=1\"}]}<\/script>\n<!-- \/ Yoast SEO plugin. -->","yoast_head_json":{"title":"Muzeum Ludowe w Adamowie - Miedzierza wczoraj i dzi\u015b","robots":{"index":"index","follow":"follow","max-snippet":"max-snippet:-1","max-image-preview":"max-image-preview:large","max-video-preview":"max-video-preview:-1"},"canonical":"https:\/\/miedzierza.pl\/?p=206","og_locale":"pl_PL","og_type":"article","og_title":"Muzeum Ludowe w Adamowie - Miedzierza wczoraj i dzi\u015b","og_description":"W trakcie pracy nad ksi\u0105\u017ck\u0105 autorka wielokrotnie korzysta\u0142a z go\u015bciny w Muzeum Ludowym w Adamowie, kt\u00f3re jest prowadzone przez Jana i Teres\u0119 Krawczyk\u00f3w. Znajduje si\u0119 w nim wiele eksponat\u00f3w i dokument\u00f3w zwi\u0105zanych z histori\u0105 gminy Smyk\u00f3w. Od autorki: Pan Jan przekaza\u0142 mi wiele cennych dokument\u00f3w, ksi\u0105\u017cek i artyku\u0142\u00f3w, z kt\u00f3rych [&hellip;]","og_url":"https:\/\/miedzierza.pl\/?p=206","og_site_name":"Miedzierza wczoraj i dzi\u015b","article_published_time":"2025-05-16T15:03:28+00:00","article_modified_time":"2025-05-16T15:04:36+00:00","og_image":[{"width":2560,"height":1928,"url":"https:\/\/miedzierza.pl\/wp-content\/uploads\/2025\/05\/PXL_20250417_121110567-scaled.jpg","type":"image\/jpeg"}],"author":"Katarzyna Ga\u0142a","twitter_card":"summary_large_image","twitter_misc":{"Napisane przez":"Katarzyna Ga\u0142a","Szacowany czas czytania":"1 minuta"},"schema":{"@context":"https:\/\/schema.org","@graph":[{"@type":"WebPage","@id":"https:\/\/miedzierza.pl\/?p=206","url":"https:\/\/miedzierza.pl\/?p=206","name":"Muzeum Ludowe w Adamowie - Miedzierza wczoraj i dzi\u015b","isPartOf":{"@id":"https:\/\/miedzierza.pl\/#website"},"primaryImageOfPage":{"@id":"https:\/\/miedzierza.pl\/?p=206#primaryimage"},"image":{"@id":"https:\/\/miedzierza.pl\/?p=206#primaryimage"},"thumbnailUrl":"https:\/\/miedzierza.pl\/wp-content\/uploads\/2025\/05\/PXL_20250417_121110567-scaled.jpg","datePublished":"2025-05-16T15:03:28+00:00","dateModified":"2025-05-16T15:04:36+00:00","author":{"@id":"https:\/\/miedzierza.pl\/#\/schema\/person\/bbbeffb3caa45b3b5d1bc29886fa1794"},"breadcrumb":{"@id":"https:\/\/miedzierza.pl\/?p=206#breadcrumb"},"inLanguage":"pl-PL","potentialAction":[{"@type":"ReadAction","target":["https:\/\/miedzierza.pl\/?p=206"]}]},{"@type":"ImageObject","inLanguage":"pl-PL","@id":"https:\/\/miedzierza.pl\/?p=206#primaryimage","url":"https:\/\/miedzierza.pl\/wp-content\/uploads\/2025\/05\/PXL_20250417_121110567-scaled.jpg","contentUrl":"https:\/\/miedzierza.pl\/wp-content\/uploads\/2025\/05\/PXL_20250417_121110567-scaled.jpg","width":2560,"height":1928},{"@type":"BreadcrumbList","@id":"https:\/\/miedzierza.pl\/?p=206#breadcrumb","itemListElement":[{"@type":"ListItem","position":1,"name":"Strona g\u0142\u00f3wna","item":"https:\/\/miedzierza.pl\/"},{"@type":"ListItem","position":2,"name":"Muzeum Ludowe w Adamowie"}]},{"@type":"WebSite","@id":"https:\/\/miedzierza.pl\/#website","url":"https:\/\/miedzierza.pl\/","name":"Miedzierza wczoraj i dzi\u015b","description":"","potentialAction":[{"@type":"SearchAction","target":{"@type":"EntryPoint","urlTemplate":"https:\/\/miedzierza.pl\/?s={search_term_string}"},"query-input":{"@type":"PropertyValueSpecification","valueRequired":true,"valueName":"search_term_string"}}],"inLanguage":"pl-PL"},{"@type":"Person","@id":"https:\/\/miedzierza.pl\/#\/schema\/person\/bbbeffb3caa45b3b5d1bc29886fa1794","name":"Katarzyna Ga\u0142a","image":{"@type":"ImageObject","inLanguage":"pl-PL","@id":"https:\/\/miedzierza.pl\/#\/schema\/person\/image\/","url":"https:\/\/secure.gravatar.com\/avatar\/c618cd0835801ffdc5f714f82cfa305c?s=96&d=mm&r=g","contentUrl":"https:\/\/secure.gravatar.com\/avatar\/c618cd0835801ffdc5f714f82cfa305c?s=96&d=mm&r=g","caption":"Katarzyna Ga\u0142a"},"sameAs":["https:\/\/miedzierza.pl"],"url":"https:\/\/miedzierza.pl\/?author=1"}]}},"blog_post_layout_featured_media_urls":{"thumbnail":["https:\/\/miedzierza.pl\/wp-content\/uploads\/2025\/05\/PXL_20250417_121110567-150x150.jpg",150,150,true],"full":["https:\/\/miedzierza.pl\/wp-content\/uploads\/2025\/05\/PXL_20250417_121110567-scaled.jpg",2560,1928,false]},"categories_names":{"4":{"name":"Ludzie","link":"https:\/\/miedzierza.pl\/?cat=4"}},"tags_names":[],"comments_number":"0","_links":{"self":[{"href":"https:\/\/miedzierza.pl\/index.php?rest_route=\/wp\/v2\/posts\/206","targetHints":{"allow":["GET"]}}],"collection":[{"href":"https:\/\/miedzierza.pl\/index.php?rest_route=\/wp\/v2\/posts"}],"about":[{"href":"https:\/\/miedzierza.pl\/index.php?rest_route=\/wp\/v2\/types\/post"}],"author":[{"embeddable":true,"href":"https:\/\/miedzierza.pl\/index.php?rest_route=\/wp\/v2\/users\/1"}],"replies":[{"embeddable":true,"href":"https:\/\/miedzierza.pl\/index.php?rest_route=%2Fwp%2Fv2%2Fcomments&post=206"}],"version-history":[{"count":1,"href":"https:\/\/miedzierza.pl\/index.php?rest_route=\/wp\/v2\/posts\/206\/revisions"}],"predecessor-version":[{"id":208,"href":"https:\/\/miedzierza.pl\/index.php?rest_route=\/wp\/v2\/posts\/206\/revisions\/208"}],"wp:featuredmedia":[{"embeddable":true,"href":"https:\/\/miedzierza.pl\/index.php?rest_route=\/wp\/v2\/media\/207"}],"wp:attachment":[{"href":"https:\/\/miedzierza.pl\/index.php?rest_route=%2Fwp%2Fv2%2Fmedia&parent=206"}],"wp:term":[{"taxonomy":"category","embeddable":true,"href":"https:\/\/miedzierza.pl\/index.php?rest_route=%2Fwp%2Fv2%2Fcategories&post=206"},{"taxonomy":"post_tag","embeddable":true,"href":"https:\/\/miedzierza.pl\/index.php?rest_route=%2Fwp%2Fv2%2Ftags&post=206"}],"curies":[{"name":"wp","href":"https:\/\/api.w.org\/{rel}","templated":true}]}}