{"id":209,"date":"2025-05-16T15:11:47","date_gmt":"2025-05-16T15:11:47","guid":{"rendered":"https:\/\/miedzierza.pl\/?p=209"},"modified":"2025-05-23T18:23:21","modified_gmt":"2025-05-23T18:23:21","slug":"kaweczyn","status":"publish","type":"post","link":"https:\/\/miedzierza.pl\/?p=209","title":{"rendered":"Kaw\u0119czyn"},"content":{"rendered":"\n<p>Kaw\u0119czyn, cho\u0107 to odr\u0119bna miejscowo\u015b\u0107, r\u00f3wnie\u017c cz\u0119sto pojawia si\u0119 na kartach ksi\u0105\u017cki \u201eMiedzierza wczoraj i dzi\u015b\u201d. Informacje na temat tej wsi autorka pozyskiwa\u0142a g\u0142\u00f3wnie od Pana Krzysztofa Pawlikowskiego, kt\u00f3rego rodzina jest od pokole\u0144 w\u0142a\u015bcicielem kaw\u0119czy\u0144skiego, zabytkowego m\u0142yna. Dzi\u0119ki uprzejmo\u015bci pana Pawlikowskiego, autorka mia\u0142a podczas pracy nad ksi\u0105\u017ck\u0105 mo\u017cliwo\u015b\u0107 zwiedzenia tego fascynuj\u0105cego zabytku. Wed\u0142ug r\u00f3\u017cnych \u017ar\u00f3de\u0142 m\u0142yn powsta\u0142 na pocz\u0105tku XX wieku na fundamentach dawnej fryszerki. W przesz\u0142o\u015bci sta\u0142 w tej okolicy tak\u017ce wielki piec, w kt\u00f3rym wytapiano \u017celazo. Jeden z podrozdzia\u0142\u00f3w ksi\u0105\u017cki po\u015bwi\u0119cony jest historii miejscowego g\u00f3rnictwa i hutnictwa.<\/p>\n\n\n\n<p>Pan Krzysztof obieca\u0142, \u017ce w dniu premiery ksi\u0105\u017cki m\u0142yn b\u0119dzie dost\u0119pny dla zwiedzaj\u0105cych <img loading=\"lazy\" decoding=\"async\" height=\"16\" width=\"16\" alt=\"\ud83d\ude42\" src=\"https:\/\/static.xx.fbcdn.net\/images\/emoji.php\/v9\/t4c\/1\/16\/1f642.png\"><\/p>\n\n\n\n<figure class=\"wp-block-image size-large\"><img loading=\"lazy\" decoding=\"async\" width=\"1024\" height=\"771\" src=\"https:\/\/miedzierza.pl\/wp-content\/uploads\/2025\/05\/Pawlikowski-1024x771.jpg\" alt=\"\" class=\"wp-image-210\" srcset=\"https:\/\/miedzierza.pl\/wp-content\/uploads\/2025\/05\/Pawlikowski-1024x771.jpg 1024w, https:\/\/miedzierza.pl\/wp-content\/uploads\/2025\/05\/Pawlikowski-300x226.jpg 300w, https:\/\/miedzierza.pl\/wp-content\/uploads\/2025\/05\/Pawlikowski-768x578.jpg 768w, https:\/\/miedzierza.pl\/wp-content\/uploads\/2025\/05\/Pawlikowski-1536x1157.jpg 1536w, https:\/\/miedzierza.pl\/wp-content\/uploads\/2025\/05\/Pawlikowski-2048x1542.jpg 2048w\" sizes=\"auto, (max-width: 1024px) 100vw, 1024px\" \/><\/figure>\n\n\n\n<hr class=\"wp-block-separator has-alpha-channel-opacity\"\/>\n\n\n\n<figure class=\"wp-block-image size-large\"><img loading=\"lazy\" decoding=\"async\" width=\"1024\" height=\"683\" src=\"https:\/\/miedzierza.pl\/wp-content\/uploads\/2025\/05\/149.-Mlyn-w-Kaweczynie-1024x683.jpg\" alt=\"\" class=\"wp-image-211\" srcset=\"https:\/\/miedzierza.pl\/wp-content\/uploads\/2025\/05\/149.-Mlyn-w-Kaweczynie-1024x683.jpg 1024w, https:\/\/miedzierza.pl\/wp-content\/uploads\/2025\/05\/149.-Mlyn-w-Kaweczynie-300x200.jpg 300w, https:\/\/miedzierza.pl\/wp-content\/uploads\/2025\/05\/149.-Mlyn-w-Kaweczynie-768x512.jpg 768w, https:\/\/miedzierza.pl\/wp-content\/uploads\/2025\/05\/149.-Mlyn-w-Kaweczynie-1536x1024.jpg 1536w, https:\/\/miedzierza.pl\/wp-content\/uploads\/2025\/05\/149.-Mlyn-w-Kaweczynie-2048x1366.jpg 2048w, https:\/\/miedzierza.pl\/wp-content\/uploads\/2025\/05\/149.-Mlyn-w-Kaweczynie-360x240.jpg 360w\" sizes=\"auto, (max-width: 1024px) 100vw, 1024px\" \/><\/figure>\n\n\n\n<hr class=\"wp-block-separator has-alpha-channel-opacity\"\/>\n\n\n\n<figure class=\"wp-block-image size-large\"><img loading=\"lazy\" decoding=\"async\" width=\"1024\" height=\"683\" src=\"https:\/\/miedzierza.pl\/wp-content\/uploads\/2025\/05\/156.-Wnetrze-mlyna-w-Kaweczynie-1024x683.jpg\" alt=\"\" class=\"wp-image-212\" srcset=\"https:\/\/miedzierza.pl\/wp-content\/uploads\/2025\/05\/156.-Wnetrze-mlyna-w-Kaweczynie-1024x683.jpg 1024w, https:\/\/miedzierza.pl\/wp-content\/uploads\/2025\/05\/156.-Wnetrze-mlyna-w-Kaweczynie-300x200.jpg 300w, https:\/\/miedzierza.pl\/wp-content\/uploads\/2025\/05\/156.-Wnetrze-mlyna-w-Kaweczynie-768x512.jpg 768w, https:\/\/miedzierza.pl\/wp-content\/uploads\/2025\/05\/156.-Wnetrze-mlyna-w-Kaweczynie-1536x1024.jpg 1536w, https:\/\/miedzierza.pl\/wp-content\/uploads\/2025\/05\/156.-Wnetrze-mlyna-w-Kaweczynie-2048x1366.jpg 2048w, https:\/\/miedzierza.pl\/wp-content\/uploads\/2025\/05\/156.-Wnetrze-mlyna-w-Kaweczynie-360x240.jpg 360w\" sizes=\"auto, (max-width: 1024px) 100vw, 1024px\" \/><\/figure>\n","protected":false},"excerpt":{"rendered":"<p>Kaw\u0119czyn, cho\u0107 to odr\u0119bna miejscowo\u015b\u0107, r\u00f3wnie\u017c cz\u0119sto pojawia si\u0119 na kartach ksi\u0105\u017cki \u201eMiedzierza wczoraj i dzi\u015b\u201d. Informacje na temat tej wsi autorka pozyskiwa\u0142a g\u0142\u00f3wnie od Pana Krzysztofa Pawlikowskiego, kt\u00f3rego rodzina jest od pokole\u0144 w\u0142a\u015bcicielem kaw\u0119czy\u0144skiego, zabytkowego m\u0142yna. Dzi\u0119ki uprzejmo\u015bci pana Pawlikowskiego, autorka mia\u0142a podczas pracy nad ksi\u0105\u017ck\u0105 mo\u017cliwo\u015b\u0107 zwiedzenia tego [&hellip;]<\/p>\n","protected":false},"author":1,"featured_media":211,"comment_status":"open","ping_status":"open","sticky":false,"template":"","format":"standard","meta":{"footnotes":""},"categories":[5],"tags":[],"class_list":["post-209","post","type-post","status-publish","format-standard","has-post-thumbnail","hentry","category-miejsca"],"yoast_head":"<!-- This site is optimized with the Yoast SEO plugin v24.7 - https:\/\/yoast.com\/wordpress\/plugins\/seo\/ -->\n<title>Kaw\u0119czyn - Miedzierza wczoraj i dzi\u015b<\/title>\n<meta name=\"robots\" content=\"index, follow, max-snippet:-1, max-image-preview:large, max-video-preview:-1\" \/>\n<link rel=\"canonical\" href=\"https:\/\/miedzierza.pl\/?p=209\" \/>\n<meta property=\"og:locale\" content=\"pl_PL\" \/>\n<meta property=\"og:type\" content=\"article\" \/>\n<meta property=\"og:title\" content=\"Kaw\u0119czyn - Miedzierza wczoraj i dzi\u015b\" \/>\n<meta property=\"og:description\" content=\"Kaw\u0119czyn, cho\u0107 to odr\u0119bna miejscowo\u015b\u0107, r\u00f3wnie\u017c cz\u0119sto pojawia si\u0119 na kartach ksi\u0105\u017cki \u201eMiedzierza wczoraj i dzi\u015b\u201d. Informacje na temat tej wsi autorka pozyskiwa\u0142a g\u0142\u00f3wnie od Pana Krzysztofa Pawlikowskiego, kt\u00f3rego rodzina jest od pokole\u0144 w\u0142a\u015bcicielem kaw\u0119czy\u0144skiego, zabytkowego m\u0142yna. Dzi\u0119ki uprzejmo\u015bci pana Pawlikowskiego, autorka mia\u0142a podczas pracy nad ksi\u0105\u017ck\u0105 mo\u017cliwo\u015b\u0107 zwiedzenia tego [&hellip;]\" \/>\n<meta property=\"og:url\" content=\"https:\/\/miedzierza.pl\/?p=209\" \/>\n<meta property=\"og:site_name\" content=\"Miedzierza wczoraj i dzi\u015b\" \/>\n<meta property=\"article:published_time\" content=\"2025-05-16T15:11:47+00:00\" \/>\n<meta property=\"article:modified_time\" content=\"2025-05-23T18:23:21+00:00\" \/>\n<meta property=\"og:image\" content=\"https:\/\/miedzierza.pl\/wp-content\/uploads\/2025\/05\/149.-Mlyn-w-Kaweczynie-1024x683.jpg\" \/>\n\t<meta property=\"og:image:width\" content=\"1024\" \/>\n\t<meta property=\"og:image:height\" content=\"683\" \/>\n\t<meta property=\"og:image:type\" content=\"image\/jpeg\" \/>\n<meta name=\"author\" content=\"Katarzyna Ga\u0142a\" \/>\n<meta name=\"twitter:card\" content=\"summary_large_image\" \/>\n<meta name=\"twitter:label1\" content=\"Napisane przez\" \/>\n\t<meta name=\"twitter:data1\" content=\"Katarzyna Ga\u0142a\" \/>\n\t<meta name=\"twitter:label2\" content=\"Szacowany czas czytania\" \/>\n\t<meta name=\"twitter:data2\" content=\"2 minuty\" \/>\n<script type=\"application\/ld+json\" class=\"yoast-schema-graph\">{\"@context\":\"https:\/\/schema.org\",\"@graph\":[{\"@type\":\"WebPage\",\"@id\":\"https:\/\/miedzierza.pl\/?p=209\",\"url\":\"https:\/\/miedzierza.pl\/?p=209\",\"name\":\"Kaw\u0119czyn - Miedzierza wczoraj i dzi\u015b\",\"isPartOf\":{\"@id\":\"https:\/\/miedzierza.pl\/#website\"},\"primaryImageOfPage\":{\"@id\":\"https:\/\/miedzierza.pl\/?p=209#primaryimage\"},\"image\":{\"@id\":\"https:\/\/miedzierza.pl\/?p=209#primaryimage\"},\"thumbnailUrl\":\"https:\/\/miedzierza.pl\/wp-content\/uploads\/2025\/05\/149.-Mlyn-w-Kaweczynie.jpg\",\"datePublished\":\"2025-05-16T15:11:47+00:00\",\"dateModified\":\"2025-05-23T18:23:21+00:00\",\"author\":{\"@id\":\"https:\/\/miedzierza.pl\/#\/schema\/person\/bbbeffb3caa45b3b5d1bc29886fa1794\"},\"breadcrumb\":{\"@id\":\"https:\/\/miedzierza.pl\/?p=209#breadcrumb\"},\"inLanguage\":\"pl-PL\",\"potentialAction\":[{\"@type\":\"ReadAction\",\"target\":[\"https:\/\/miedzierza.pl\/?p=209\"]}]},{\"@type\":\"ImageObject\",\"inLanguage\":\"pl-PL\",\"@id\":\"https:\/\/miedzierza.pl\/?p=209#primaryimage\",\"url\":\"https:\/\/miedzierza.pl\/wp-content\/uploads\/2025\/05\/149.-Mlyn-w-Kaweczynie.jpg\",\"contentUrl\":\"https:\/\/miedzierza.pl\/wp-content\/uploads\/2025\/05\/149.-Mlyn-w-Kaweczynie.jpg\",\"width\":2362,\"height\":1575},{\"@type\":\"BreadcrumbList\",\"@id\":\"https:\/\/miedzierza.pl\/?p=209#breadcrumb\",\"itemListElement\":[{\"@type\":\"ListItem\",\"position\":1,\"name\":\"Strona g\u0142\u00f3wna\",\"item\":\"https:\/\/miedzierza.pl\/\"},{\"@type\":\"ListItem\",\"position\":2,\"name\":\"Kaw\u0119czyn\"}]},{\"@type\":\"WebSite\",\"@id\":\"https:\/\/miedzierza.pl\/#website\",\"url\":\"https:\/\/miedzierza.pl\/\",\"name\":\"Miedzierza wczoraj i dzi\u015b\",\"description\":\"\",\"potentialAction\":[{\"@type\":\"SearchAction\",\"target\":{\"@type\":\"EntryPoint\",\"urlTemplate\":\"https:\/\/miedzierza.pl\/?s={search_term_string}\"},\"query-input\":{\"@type\":\"PropertyValueSpecification\",\"valueRequired\":true,\"valueName\":\"search_term_string\"}}],\"inLanguage\":\"pl-PL\"},{\"@type\":\"Person\",\"@id\":\"https:\/\/miedzierza.pl\/#\/schema\/person\/bbbeffb3caa45b3b5d1bc29886fa1794\",\"name\":\"Katarzyna Ga\u0142a\",\"image\":{\"@type\":\"ImageObject\",\"inLanguage\":\"pl-PL\",\"@id\":\"https:\/\/miedzierza.pl\/#\/schema\/person\/image\/\",\"url\":\"https:\/\/secure.gravatar.com\/avatar\/c618cd0835801ffdc5f714f82cfa305c?s=96&d=mm&r=g\",\"contentUrl\":\"https:\/\/secure.gravatar.com\/avatar\/c618cd0835801ffdc5f714f82cfa305c?s=96&d=mm&r=g\",\"caption\":\"Katarzyna Ga\u0142a\"},\"sameAs\":[\"https:\/\/miedzierza.pl\"],\"url\":\"https:\/\/miedzierza.pl\/?author=1\"}]}<\/script>\n<!-- \/ Yoast SEO plugin. -->","yoast_head_json":{"title":"Kaw\u0119czyn - Miedzierza wczoraj i dzi\u015b","robots":{"index":"index","follow":"follow","max-snippet":"max-snippet:-1","max-image-preview":"max-image-preview:large","max-video-preview":"max-video-preview:-1"},"canonical":"https:\/\/miedzierza.pl\/?p=209","og_locale":"pl_PL","og_type":"article","og_title":"Kaw\u0119czyn - Miedzierza wczoraj i dzi\u015b","og_description":"Kaw\u0119czyn, cho\u0107 to odr\u0119bna miejscowo\u015b\u0107, r\u00f3wnie\u017c cz\u0119sto pojawia si\u0119 na kartach ksi\u0105\u017cki \u201eMiedzierza wczoraj i dzi\u015b\u201d. Informacje na temat tej wsi autorka pozyskiwa\u0142a g\u0142\u00f3wnie od Pana Krzysztofa Pawlikowskiego, kt\u00f3rego rodzina jest od pokole\u0144 w\u0142a\u015bcicielem kaw\u0119czy\u0144skiego, zabytkowego m\u0142yna. Dzi\u0119ki uprzejmo\u015bci pana Pawlikowskiego, autorka mia\u0142a podczas pracy nad ksi\u0105\u017ck\u0105 mo\u017cliwo\u015b\u0107 zwiedzenia tego [&hellip;]","og_url":"https:\/\/miedzierza.pl\/?p=209","og_site_name":"Miedzierza wczoraj i dzi\u015b","article_published_time":"2025-05-16T15:11:47+00:00","article_modified_time":"2025-05-23T18:23:21+00:00","og_image":[{"width":1024,"height":683,"url":"https:\/\/miedzierza.pl\/wp-content\/uploads\/2025\/05\/149.-Mlyn-w-Kaweczynie-1024x683.jpg","type":"image\/jpeg"}],"author":"Katarzyna Ga\u0142a","twitter_card":"summary_large_image","twitter_misc":{"Napisane przez":"Katarzyna Ga\u0142a","Szacowany czas czytania":"2 minuty"},"schema":{"@context":"https:\/\/schema.org","@graph":[{"@type":"WebPage","@id":"https:\/\/miedzierza.pl\/?p=209","url":"https:\/\/miedzierza.pl\/?p=209","name":"Kaw\u0119czyn - Miedzierza wczoraj i dzi\u015b","isPartOf":{"@id":"https:\/\/miedzierza.pl\/#website"},"primaryImageOfPage":{"@id":"https:\/\/miedzierza.pl\/?p=209#primaryimage"},"image":{"@id":"https:\/\/miedzierza.pl\/?p=209#primaryimage"},"thumbnailUrl":"https:\/\/miedzierza.pl\/wp-content\/uploads\/2025\/05\/149.-Mlyn-w-Kaweczynie.jpg","datePublished":"2025-05-16T15:11:47+00:00","dateModified":"2025-05-23T18:23:21+00:00","author":{"@id":"https:\/\/miedzierza.pl\/#\/schema\/person\/bbbeffb3caa45b3b5d1bc29886fa1794"},"breadcrumb":{"@id":"https:\/\/miedzierza.pl\/?p=209#breadcrumb"},"inLanguage":"pl-PL","potentialAction":[{"@type":"ReadAction","target":["https:\/\/miedzierza.pl\/?p=209"]}]},{"@type":"ImageObject","inLanguage":"pl-PL","@id":"https:\/\/miedzierza.pl\/?p=209#primaryimage","url":"https:\/\/miedzierza.pl\/wp-content\/uploads\/2025\/05\/149.-Mlyn-w-Kaweczynie.jpg","contentUrl":"https:\/\/miedzierza.pl\/wp-content\/uploads\/2025\/05\/149.-Mlyn-w-Kaweczynie.jpg","width":2362,"height":1575},{"@type":"BreadcrumbList","@id":"https:\/\/miedzierza.pl\/?p=209#breadcrumb","itemListElement":[{"@type":"ListItem","position":1,"name":"Strona g\u0142\u00f3wna","item":"https:\/\/miedzierza.pl\/"},{"@type":"ListItem","position":2,"name":"Kaw\u0119czyn"}]},{"@type":"WebSite","@id":"https:\/\/miedzierza.pl\/#website","url":"https:\/\/miedzierza.pl\/","name":"Miedzierza wczoraj i dzi\u015b","description":"","potentialAction":[{"@type":"SearchAction","target":{"@type":"EntryPoint","urlTemplate":"https:\/\/miedzierza.pl\/?s={search_term_string}"},"query-input":{"@type":"PropertyValueSpecification","valueRequired":true,"valueName":"search_term_string"}}],"inLanguage":"pl-PL"},{"@type":"Person","@id":"https:\/\/miedzierza.pl\/#\/schema\/person\/bbbeffb3caa45b3b5d1bc29886fa1794","name":"Katarzyna Ga\u0142a","image":{"@type":"ImageObject","inLanguage":"pl-PL","@id":"https:\/\/miedzierza.pl\/#\/schema\/person\/image\/","url":"https:\/\/secure.gravatar.com\/avatar\/c618cd0835801ffdc5f714f82cfa305c?s=96&d=mm&r=g","contentUrl":"https:\/\/secure.gravatar.com\/avatar\/c618cd0835801ffdc5f714f82cfa305c?s=96&d=mm&r=g","caption":"Katarzyna Ga\u0142a"},"sameAs":["https:\/\/miedzierza.pl"],"url":"https:\/\/miedzierza.pl\/?author=1"}]}},"blog_post_layout_featured_media_urls":{"thumbnail":["https:\/\/miedzierza.pl\/wp-content\/uploads\/2025\/05\/149.-Mlyn-w-Kaweczynie-150x150.jpg",150,150,true],"full":["https:\/\/miedzierza.pl\/wp-content\/uploads\/2025\/05\/149.-Mlyn-w-Kaweczynie.jpg",2362,1575,false]},"categories_names":{"5":{"name":"Miejsca","link":"https:\/\/miedzierza.pl\/?cat=5"}},"tags_names":[],"comments_number":"0","_links":{"self":[{"href":"https:\/\/miedzierza.pl\/index.php?rest_route=\/wp\/v2\/posts\/209","targetHints":{"allow":["GET"]}}],"collection":[{"href":"https:\/\/miedzierza.pl\/index.php?rest_route=\/wp\/v2\/posts"}],"about":[{"href":"https:\/\/miedzierza.pl\/index.php?rest_route=\/wp\/v2\/types\/post"}],"author":[{"embeddable":true,"href":"https:\/\/miedzierza.pl\/index.php?rest_route=\/wp\/v2\/users\/1"}],"replies":[{"embeddable":true,"href":"https:\/\/miedzierza.pl\/index.php?rest_route=%2Fwp%2Fv2%2Fcomments&post=209"}],"version-history":[{"count":3,"href":"https:\/\/miedzierza.pl\/index.php?rest_route=\/wp\/v2\/posts\/209\/revisions"}],"predecessor-version":[{"id":216,"href":"https:\/\/miedzierza.pl\/index.php?rest_route=\/wp\/v2\/posts\/209\/revisions\/216"}],"wp:featuredmedia":[{"embeddable":true,"href":"https:\/\/miedzierza.pl\/index.php?rest_route=\/wp\/v2\/media\/211"}],"wp:attachment":[{"href":"https:\/\/miedzierza.pl\/index.php?rest_route=%2Fwp%2Fv2%2Fmedia&parent=209"}],"wp:term":[{"taxonomy":"category","embeddable":true,"href":"https:\/\/miedzierza.pl\/index.php?rest_route=%2Fwp%2Fv2%2Fcategories&post=209"},{"taxonomy":"post_tag","embeddable":true,"href":"https:\/\/miedzierza.pl\/index.php?rest_route=%2Fwp%2Fv2%2Ftags&post=209"}],"curies":[{"name":"wp","href":"https:\/\/api.w.org\/{rel}","templated":true}]}}