{"id":218,"date":"2025-05-17T10:25:34","date_gmt":"2025-05-17T10:25:34","guid":{"rendered":"https:\/\/miedzierza.pl\/?p=218"},"modified":"2025-05-17T10:27:51","modified_gmt":"2025-05-17T10:27:51","slug":"pamietnik-bronislawa-sobczynskiego","status":"publish","type":"post","link":"https:\/\/miedzierza.pl\/?p=218","title":{"rendered":"Pami\u0119tnik Bronis\u0142awa Sobczy\u0144skiego"},"content":{"rendered":"\n<p>Jednym z niezwykle warto\u015bciowych \u017ar\u00f3de\u0142, z kt\u00f3rych autorka korzysta\u0142a podczas pracy nad ksi\u0105\u017ck\u0105 &#8222;Miedzierza wczoraj i dzi\u015b&#8221; by\u0142 pami\u0119tnik Bronis\u0142awa Sobczy\u0144skiego &#8211; kierownika szko\u0142y w Miedzierzy w latach 1922-1932. Dokument ten otrzyma\u0142a od Krzysztofa Pawlikowskiego z Kaw\u0119czyna. Jego babcia, Stanis\u0142awa Warcho\u0142, przepisa\u0142a pami\u0119tnik w latach 70. z orygina\u0142u do swojego zeszytu.<\/p>\n\n\n\n<p>Bronis\u0142aw Sobczy\u0144ski niezwykle barwnie i szczeg\u00f3\u0142owo opisa\u0142 w nim lata sp\u0119dzone w Miedzierzy. Przedstawi\u0142 wyzwania i trudno\u015bci, jakie wi\u0105za\u0142y si\u0119 z jego prac\u0105 w szkole oraz dzia\u0142alno\u015bci\u0105 spo\u0142eczn\u0105. Dzieli\u0142 si\u0119 refleksjami na temat polityki krajowej i lokalnej, a tak\u017ce sytuacji spo\u0142eczno-gospodarczej \u00f3wczesnej Polski.&nbsp; Nie szcz\u0119dzi\u0142 przy tym krytycznych ocen ludzkich przywar i u\u0142omno\u015bci.<\/p>\n\n\n\n<p>Pami\u0119tnikarz jawi si\u0119 jako niestrudzony spo\u0142ecznik, dzia\u0142aj\u0105cy na rzecz poprawy bytu lokalnej spo\u0142eczno\u015bci. Mimo wielu przeszk\u00f3d doprowadzi\u0142 do rozkwitu Szko\u0142y Podstawowej w Miedzierzy oraz przyczyni\u0142 si\u0119 do powstania Ochotniczej Stra\u017cy Po\u017carnej w Miedzierzy oraz K\u00f3\u0142ka Rolniczego. Z jego inicjatywy przeprowadzono czynem spo\u0142ecznym remont miedzierskiej drogi. Zach\u0119ca\u0142 te\u017c do budowy nowej szko\u0142y w Miedzierzy naprzeciwko ko\u015bcio\u0142a.<\/p>\n\n\n\n<p>Z powodu krytyki miejscowych w\u0142adz Sobczy\u0144ski zosta\u0142 pozbawiony funkcji kierownika szko\u0142y i razem z \u017con\u0105, Mari\u0105 i c\u00f3rk\u0105 Danut\u0105 przeni\u00f3s\u0142 si\u0119 do Sorbina, a nast\u0119pnie do Ostrowca \u015awi\u0119tokrzyskiego. W czasie okupacji niemieckiej przybra\u0142 pseudonim Jasny i zaanga\u017cowa\u0142 si\u0119 w dzia\u0142ania konspiracyjne. By\u0142 mi\u0119dzy innymi szefem organizacyjnym Komitetu Walki Zbrojnej w Ostrowcu oraz cz\u0142onkiem Komitetu Pomocy Ludno\u015bci Polskiej. Ponadto, przez ca\u0142\u0105 okupacj\u0119 Sobczy\u0144ski przechowywa\u0142 czteroosobow\u0105 rodzin\u0119 \u017cydowsk\u0105 J\u00f3zefa Aleksandrowicza z Warszawy.<\/p>\n\n\n\n<p>Autorce nie uda\u0142o si\u0119 ustali\u0107 dalszych los\u00f3w Bronis\u0142awa Sobczy\u0144skiego, st\u0105d zwraca si\u0119 z pro\u015bb\u0105 o kontakt do wszystkich, kt\u00f3rzy maj\u0105 wiedz\u0119 na jego temat, znaj\u0105 miejsce jego poch\u00f3wku lub mog\u0105 j\u0105 skontaktowa\u0107 z jego potomkami.<\/p>\n\n\n\n<hr class=\"wp-block-separator has-alpha-channel-opacity\"\/>\n\n\n\n<figure class=\"wp-block-image size-large is-resized\"><img loading=\"lazy\" decoding=\"async\" width=\"763\" height=\"1024\" src=\"https:\/\/miedzierza.pl\/wp-content\/uploads\/2025\/05\/199.-Sobczynski-763x1024.jpg\" alt=\"\" class=\"wp-image-219\" style=\"width:840px;height:auto\" srcset=\"https:\/\/miedzierza.pl\/wp-content\/uploads\/2025\/05\/199.-Sobczynski-763x1024.jpg 763w, https:\/\/miedzierza.pl\/wp-content\/uploads\/2025\/05\/199.-Sobczynski-224x300.jpg 224w, https:\/\/miedzierza.pl\/wp-content\/uploads\/2025\/05\/199.-Sobczynski-768x1030.jpg 768w, https:\/\/miedzierza.pl\/wp-content\/uploads\/2025\/05\/199.-Sobczynski-1145x1536.jpg 1145w, https:\/\/miedzierza.pl\/wp-content\/uploads\/2025\/05\/199.-Sobczynski-1526x2048.jpg 1526w, https:\/\/miedzierza.pl\/wp-content\/uploads\/2025\/05\/199.-Sobczynski-scaled.jpg 1908w\" sizes=\"auto, (max-width: 763px) 100vw, 763px\" \/><\/figure>\n\n\n\n<p class=\"has-text-align-center\">Bronis\u0142aw Sobczy\u0144ski<\/p>\n\n\n\n<hr class=\"wp-block-separator has-alpha-channel-opacity\"\/>\n\n\n<div class=\"wp-block-image\">\n<figure class=\"aligncenter size-large\"><img loading=\"lazy\" decoding=\"async\" width=\"771\" height=\"1024\" src=\"https:\/\/miedzierza.pl\/wp-content\/uploads\/2025\/05\/PXL_20250417_100211042-771x1024.jpg\" alt=\"\" class=\"wp-image-220\" srcset=\"https:\/\/miedzierza.pl\/wp-content\/uploads\/2025\/05\/PXL_20250417_100211042-771x1024.jpg 771w, https:\/\/miedzierza.pl\/wp-content\/uploads\/2025\/05\/PXL_20250417_100211042-226x300.jpg 226w, https:\/\/miedzierza.pl\/wp-content\/uploads\/2025\/05\/PXL_20250417_100211042-768x1020.jpg 768w, https:\/\/miedzierza.pl\/wp-content\/uploads\/2025\/05\/PXL_20250417_100211042-1157x1536.jpg 1157w, https:\/\/miedzierza.pl\/wp-content\/uploads\/2025\/05\/PXL_20250417_100211042-1542x2048.jpg 1542w, https:\/\/miedzierza.pl\/wp-content\/uploads\/2025\/05\/PXL_20250417_100211042-scaled.jpg 1928w\" sizes=\"auto, (max-width: 771px) 100vw, 771px\" \/><\/figure><\/div>\n\n\n<p class=\"has-text-align-center\">Zeszyt Stanis\u0142awy Warcho\u0142, do kt\u00f3rego przepisa\u0142a pami\u0119tnik Bronis\u0142awa Sobczy\u0144skiego.<\/p>\n\n\n\n<hr class=\"wp-block-separator has-alpha-channel-opacity\"\/>\n\n\n<div class=\"wp-block-image\">\n<figure class=\"aligncenter size-large\"><img loading=\"lazy\" decoding=\"async\" width=\"771\" height=\"1024\" src=\"https:\/\/miedzierza.pl\/wp-content\/uploads\/2025\/05\/PXL_20250417_100219420-771x1024.jpg\" alt=\"\" class=\"wp-image-221\" srcset=\"https:\/\/miedzierza.pl\/wp-content\/uploads\/2025\/05\/PXL_20250417_100219420-771x1024.jpg 771w, https:\/\/miedzierza.pl\/wp-content\/uploads\/2025\/05\/PXL_20250417_100219420-226x300.jpg 226w, https:\/\/miedzierza.pl\/wp-content\/uploads\/2025\/05\/PXL_20250417_100219420-768x1020.jpg 768w, https:\/\/miedzierza.pl\/wp-content\/uploads\/2025\/05\/PXL_20250417_100219420-1157x1536.jpg 1157w, https:\/\/miedzierza.pl\/wp-content\/uploads\/2025\/05\/PXL_20250417_100219420-1542x2048.jpg 1542w, https:\/\/miedzierza.pl\/wp-content\/uploads\/2025\/05\/PXL_20250417_100219420-scaled.jpg 1928w\" sizes=\"auto, (max-width: 771px) 100vw, 771px\" \/><\/figure><\/div>\n\n\n<p class=\"has-text-align-center\">Pierwsza strona przepisanego przez Stanis\u0142aw\u0119 Warcho\u0142 pami\u0119tnika Bronis\u0142awa Sobczy\u0144skiego.<\/p>\n","protected":false},"excerpt":{"rendered":"<p>Jednym z niezwykle warto\u015bciowych \u017ar\u00f3de\u0142, z kt\u00f3rych autorka korzysta\u0142a podczas pracy nad ksi\u0105\u017ck\u0105 &#8222;Miedzierza wczoraj i dzi\u015b&#8221; by\u0142 pami\u0119tnik Bronis\u0142awa Sobczy\u0144skiego &#8211; kierownika szko\u0142y w Miedzierzy w latach 1922-1932. Dokument ten otrzyma\u0142a od Krzysztofa Pawlikowskiego z Kaw\u0119czyna. Jego babcia, Stanis\u0142awa Warcho\u0142, przepisa\u0142a pami\u0119tnik w latach 70. z orygina\u0142u do swojego [&hellip;]<\/p>\n","protected":false},"author":1,"featured_media":221,"comment_status":"open","ping_status":"open","sticky":false,"template":"","format":"standard","meta":{"footnotes":""},"categories":[4,3],"tags":[],"class_list":["post-218","post","type-post","status-publish","format-standard","has-post-thumbnail","hentry","category-ludzie","category-zrodla"],"yoast_head":"<!-- This site is optimized with the Yoast SEO plugin v24.7 - https:\/\/yoast.com\/wordpress\/plugins\/seo\/ -->\n<title>Pami\u0119tnik Bronis\u0142awa Sobczy\u0144skiego - Miedzierza wczoraj i dzi\u015b<\/title>\n<meta name=\"robots\" content=\"index, follow, max-snippet:-1, max-image-preview:large, max-video-preview:-1\" \/>\n<link rel=\"canonical\" href=\"https:\/\/miedzierza.pl\/?p=218\" \/>\n<meta property=\"og:locale\" content=\"pl_PL\" \/>\n<meta property=\"og:type\" content=\"article\" \/>\n<meta property=\"og:title\" content=\"Pami\u0119tnik Bronis\u0142awa Sobczy\u0144skiego - Miedzierza wczoraj i dzi\u015b\" \/>\n<meta property=\"og:description\" content=\"Jednym z niezwykle warto\u015bciowych \u017ar\u00f3de\u0142, z kt\u00f3rych autorka korzysta\u0142a podczas pracy nad ksi\u0105\u017ck\u0105 &#8222;Miedzierza wczoraj i dzi\u015b&#8221; by\u0142 pami\u0119tnik Bronis\u0142awa Sobczy\u0144skiego &#8211; kierownika szko\u0142y w Miedzierzy w latach 1922-1932. Dokument ten otrzyma\u0142a od Krzysztofa Pawlikowskiego z Kaw\u0119czyna. Jego babcia, Stanis\u0142awa Warcho\u0142, przepisa\u0142a pami\u0119tnik w latach 70. z orygina\u0142u do swojego [&hellip;]\" \/>\n<meta property=\"og:url\" content=\"https:\/\/miedzierza.pl\/?p=218\" \/>\n<meta property=\"og:site_name\" content=\"Miedzierza wczoraj i dzi\u015b\" \/>\n<meta property=\"article:published_time\" content=\"2025-05-17T10:25:34+00:00\" \/>\n<meta property=\"article:modified_time\" content=\"2025-05-17T10:27:51+00:00\" \/>\n<meta property=\"og:image\" content=\"https:\/\/miedzierza.pl\/wp-content\/uploads\/2025\/05\/PXL_20250417_100219420-scaled.jpg\" \/>\n\t<meta property=\"og:image:width\" content=\"1928\" \/>\n\t<meta property=\"og:image:height\" content=\"2560\" \/>\n\t<meta property=\"og:image:type\" content=\"image\/jpeg\" \/>\n<meta name=\"author\" content=\"Katarzyna Ga\u0142a\" \/>\n<meta name=\"twitter:card\" content=\"summary_large_image\" \/>\n<meta name=\"twitter:label1\" content=\"Napisane przez\" \/>\n\t<meta name=\"twitter:data1\" content=\"Katarzyna Ga\u0142a\" \/>\n\t<meta name=\"twitter:label2\" content=\"Szacowany czas czytania\" \/>\n\t<meta name=\"twitter:data2\" content=\"3 minuty\" \/>\n<script type=\"application\/ld+json\" class=\"yoast-schema-graph\">{\"@context\":\"https:\/\/schema.org\",\"@graph\":[{\"@type\":\"WebPage\",\"@id\":\"https:\/\/miedzierza.pl\/?p=218\",\"url\":\"https:\/\/miedzierza.pl\/?p=218\",\"name\":\"Pami\u0119tnik Bronis\u0142awa Sobczy\u0144skiego - Miedzierza wczoraj i dzi\u015b\",\"isPartOf\":{\"@id\":\"https:\/\/miedzierza.pl\/#website\"},\"primaryImageOfPage\":{\"@id\":\"https:\/\/miedzierza.pl\/?p=218#primaryimage\"},\"image\":{\"@id\":\"https:\/\/miedzierza.pl\/?p=218#primaryimage\"},\"thumbnailUrl\":\"https:\/\/miedzierza.pl\/wp-content\/uploads\/2025\/05\/PXL_20250417_100219420-scaled.jpg\",\"datePublished\":\"2025-05-17T10:25:34+00:00\",\"dateModified\":\"2025-05-17T10:27:51+00:00\",\"author\":{\"@id\":\"https:\/\/miedzierza.pl\/#\/schema\/person\/bbbeffb3caa45b3b5d1bc29886fa1794\"},\"breadcrumb\":{\"@id\":\"https:\/\/miedzierza.pl\/?p=218#breadcrumb\"},\"inLanguage\":\"pl-PL\",\"potentialAction\":[{\"@type\":\"ReadAction\",\"target\":[\"https:\/\/miedzierza.pl\/?p=218\"]}]},{\"@type\":\"ImageObject\",\"inLanguage\":\"pl-PL\",\"@id\":\"https:\/\/miedzierza.pl\/?p=218#primaryimage\",\"url\":\"https:\/\/miedzierza.pl\/wp-content\/uploads\/2025\/05\/PXL_20250417_100219420-scaled.jpg\",\"contentUrl\":\"https:\/\/miedzierza.pl\/wp-content\/uploads\/2025\/05\/PXL_20250417_100219420-scaled.jpg\",\"width\":1928,\"height\":2560},{\"@type\":\"BreadcrumbList\",\"@id\":\"https:\/\/miedzierza.pl\/?p=218#breadcrumb\",\"itemListElement\":[{\"@type\":\"ListItem\",\"position\":1,\"name\":\"Strona g\u0142\u00f3wna\",\"item\":\"https:\/\/miedzierza.pl\/\"},{\"@type\":\"ListItem\",\"position\":2,\"name\":\"Pami\u0119tnik Bronis\u0142awa Sobczy\u0144skiego\"}]},{\"@type\":\"WebSite\",\"@id\":\"https:\/\/miedzierza.pl\/#website\",\"url\":\"https:\/\/miedzierza.pl\/\",\"name\":\"Miedzierza wczoraj i dzi\u015b\",\"description\":\"\",\"potentialAction\":[{\"@type\":\"SearchAction\",\"target\":{\"@type\":\"EntryPoint\",\"urlTemplate\":\"https:\/\/miedzierza.pl\/?s={search_term_string}\"},\"query-input\":{\"@type\":\"PropertyValueSpecification\",\"valueRequired\":true,\"valueName\":\"search_term_string\"}}],\"inLanguage\":\"pl-PL\"},{\"@type\":\"Person\",\"@id\":\"https:\/\/miedzierza.pl\/#\/schema\/person\/bbbeffb3caa45b3b5d1bc29886fa1794\",\"name\":\"Katarzyna Ga\u0142a\",\"image\":{\"@type\":\"ImageObject\",\"inLanguage\":\"pl-PL\",\"@id\":\"https:\/\/miedzierza.pl\/#\/schema\/person\/image\/\",\"url\":\"https:\/\/secure.gravatar.com\/avatar\/c618cd0835801ffdc5f714f82cfa305c?s=96&d=mm&r=g\",\"contentUrl\":\"https:\/\/secure.gravatar.com\/avatar\/c618cd0835801ffdc5f714f82cfa305c?s=96&d=mm&r=g\",\"caption\":\"Katarzyna Ga\u0142a\"},\"sameAs\":[\"https:\/\/miedzierza.pl\"],\"url\":\"https:\/\/miedzierza.pl\/?author=1\"}]}<\/script>\n<!-- \/ Yoast SEO plugin. -->","yoast_head_json":{"title":"Pami\u0119tnik Bronis\u0142awa Sobczy\u0144skiego - Miedzierza wczoraj i dzi\u015b","robots":{"index":"index","follow":"follow","max-snippet":"max-snippet:-1","max-image-preview":"max-image-preview:large","max-video-preview":"max-video-preview:-1"},"canonical":"https:\/\/miedzierza.pl\/?p=218","og_locale":"pl_PL","og_type":"article","og_title":"Pami\u0119tnik Bronis\u0142awa Sobczy\u0144skiego - Miedzierza wczoraj i dzi\u015b","og_description":"Jednym z niezwykle warto\u015bciowych \u017ar\u00f3de\u0142, z kt\u00f3rych autorka korzysta\u0142a podczas pracy nad ksi\u0105\u017ck\u0105 &#8222;Miedzierza wczoraj i dzi\u015b&#8221; by\u0142 pami\u0119tnik Bronis\u0142awa Sobczy\u0144skiego &#8211; kierownika szko\u0142y w Miedzierzy w latach 1922-1932. Dokument ten otrzyma\u0142a od Krzysztofa Pawlikowskiego z Kaw\u0119czyna. Jego babcia, Stanis\u0142awa Warcho\u0142, przepisa\u0142a pami\u0119tnik w latach 70. z orygina\u0142u do swojego [&hellip;]","og_url":"https:\/\/miedzierza.pl\/?p=218","og_site_name":"Miedzierza wczoraj i dzi\u015b","article_published_time":"2025-05-17T10:25:34+00:00","article_modified_time":"2025-05-17T10:27:51+00:00","og_image":[{"width":1928,"height":2560,"url":"https:\/\/miedzierza.pl\/wp-content\/uploads\/2025\/05\/PXL_20250417_100219420-scaled.jpg","type":"image\/jpeg"}],"author":"Katarzyna Ga\u0142a","twitter_card":"summary_large_image","twitter_misc":{"Napisane przez":"Katarzyna Ga\u0142a","Szacowany czas czytania":"3 minuty"},"schema":{"@context":"https:\/\/schema.org","@graph":[{"@type":"WebPage","@id":"https:\/\/miedzierza.pl\/?p=218","url":"https:\/\/miedzierza.pl\/?p=218","name":"Pami\u0119tnik Bronis\u0142awa Sobczy\u0144skiego - Miedzierza wczoraj i dzi\u015b","isPartOf":{"@id":"https:\/\/miedzierza.pl\/#website"},"primaryImageOfPage":{"@id":"https:\/\/miedzierza.pl\/?p=218#primaryimage"},"image":{"@id":"https:\/\/miedzierza.pl\/?p=218#primaryimage"},"thumbnailUrl":"https:\/\/miedzierza.pl\/wp-content\/uploads\/2025\/05\/PXL_20250417_100219420-scaled.jpg","datePublished":"2025-05-17T10:25:34+00:00","dateModified":"2025-05-17T10:27:51+00:00","author":{"@id":"https:\/\/miedzierza.pl\/#\/schema\/person\/bbbeffb3caa45b3b5d1bc29886fa1794"},"breadcrumb":{"@id":"https:\/\/miedzierza.pl\/?p=218#breadcrumb"},"inLanguage":"pl-PL","potentialAction":[{"@type":"ReadAction","target":["https:\/\/miedzierza.pl\/?p=218"]}]},{"@type":"ImageObject","inLanguage":"pl-PL","@id":"https:\/\/miedzierza.pl\/?p=218#primaryimage","url":"https:\/\/miedzierza.pl\/wp-content\/uploads\/2025\/05\/PXL_20250417_100219420-scaled.jpg","contentUrl":"https:\/\/miedzierza.pl\/wp-content\/uploads\/2025\/05\/PXL_20250417_100219420-scaled.jpg","width":1928,"height":2560},{"@type":"BreadcrumbList","@id":"https:\/\/miedzierza.pl\/?p=218#breadcrumb","itemListElement":[{"@type":"ListItem","position":1,"name":"Strona g\u0142\u00f3wna","item":"https:\/\/miedzierza.pl\/"},{"@type":"ListItem","position":2,"name":"Pami\u0119tnik Bronis\u0142awa Sobczy\u0144skiego"}]},{"@type":"WebSite","@id":"https:\/\/miedzierza.pl\/#website","url":"https:\/\/miedzierza.pl\/","name":"Miedzierza wczoraj i dzi\u015b","description":"","potentialAction":[{"@type":"SearchAction","target":{"@type":"EntryPoint","urlTemplate":"https:\/\/miedzierza.pl\/?s={search_term_string}"},"query-input":{"@type":"PropertyValueSpecification","valueRequired":true,"valueName":"search_term_string"}}],"inLanguage":"pl-PL"},{"@type":"Person","@id":"https:\/\/miedzierza.pl\/#\/schema\/person\/bbbeffb3caa45b3b5d1bc29886fa1794","name":"Katarzyna Ga\u0142a","image":{"@type":"ImageObject","inLanguage":"pl-PL","@id":"https:\/\/miedzierza.pl\/#\/schema\/person\/image\/","url":"https:\/\/secure.gravatar.com\/avatar\/c618cd0835801ffdc5f714f82cfa305c?s=96&d=mm&r=g","contentUrl":"https:\/\/secure.gravatar.com\/avatar\/c618cd0835801ffdc5f714f82cfa305c?s=96&d=mm&r=g","caption":"Katarzyna Ga\u0142a"},"sameAs":["https:\/\/miedzierza.pl"],"url":"https:\/\/miedzierza.pl\/?author=1"}]}},"blog_post_layout_featured_media_urls":{"thumbnail":["https:\/\/miedzierza.pl\/wp-content\/uploads\/2025\/05\/PXL_20250417_100219420-150x150.jpg",150,150,true],"full":["https:\/\/miedzierza.pl\/wp-content\/uploads\/2025\/05\/PXL_20250417_100219420-scaled.jpg",1928,2560,false]},"categories_names":{"4":{"name":"Ludzie","link":"https:\/\/miedzierza.pl\/?cat=4"},"3":{"name":"\u0179r\u00f3d\u0142a","link":"https:\/\/miedzierza.pl\/?cat=3"}},"tags_names":[],"comments_number":"0","_links":{"self":[{"href":"https:\/\/miedzierza.pl\/index.php?rest_route=\/wp\/v2\/posts\/218","targetHints":{"allow":["GET"]}}],"collection":[{"href":"https:\/\/miedzierza.pl\/index.php?rest_route=\/wp\/v2\/posts"}],"about":[{"href":"https:\/\/miedzierza.pl\/index.php?rest_route=\/wp\/v2\/types\/post"}],"author":[{"embeddable":true,"href":"https:\/\/miedzierza.pl\/index.php?rest_route=\/wp\/v2\/users\/1"}],"replies":[{"embeddable":true,"href":"https:\/\/miedzierza.pl\/index.php?rest_route=%2Fwp%2Fv2%2Fcomments&post=218"}],"version-history":[{"count":2,"href":"https:\/\/miedzierza.pl\/index.php?rest_route=\/wp\/v2\/posts\/218\/revisions"}],"predecessor-version":[{"id":224,"href":"https:\/\/miedzierza.pl\/index.php?rest_route=\/wp\/v2\/posts\/218\/revisions\/224"}],"wp:featuredmedia":[{"embeddable":true,"href":"https:\/\/miedzierza.pl\/index.php?rest_route=\/wp\/v2\/media\/221"}],"wp:attachment":[{"href":"https:\/\/miedzierza.pl\/index.php?rest_route=%2Fwp%2Fv2%2Fmedia&parent=218"}],"wp:term":[{"taxonomy":"category","embeddable":true,"href":"https:\/\/miedzierza.pl\/index.php?rest_route=%2Fwp%2Fv2%2Fcategories&post=218"},{"taxonomy":"post_tag","embeddable":true,"href":"https:\/\/miedzierza.pl\/index.php?rest_route=%2Fwp%2Fv2%2Ftags&post=218"}],"curies":[{"name":"wp","href":"https:\/\/api.w.org\/{rel}","templated":true}]}}