{"id":226,"date":"2025-05-23T18:21:28","date_gmt":"2025-05-23T18:21:28","guid":{"rendered":"https:\/\/miedzierza.pl\/?p=226"},"modified":"2025-06-10T18:43:06","modified_gmt":"2025-06-10T18:43:06","slug":"podporucznik-stanislaw-wielgus-z-miedzierzy","status":"publish","type":"post","link":"https:\/\/miedzierza.pl\/?p=226","title":{"rendered":"Porucznik Stanis\u0142aw Wielgus z Miedzierzy"},"content":{"rendered":"\n<p>W trakcie pracy nad ksi\u0105\u017ck\u0105 \u201eMiedzierza wczoraj i dzi\u015b\u201d autorka pozna\u0142a pani\u0105 Zofi\u0119 Czekaj z Kielc, kt\u00f3ra pochodzi z Miedzierzy i jest najm\u0142odsz\u0105 siostr\u0105 pilota Stanis\u0142awa Wielgusa. \u00a0Urodzony w Miedzierzy w 1912 roku Stanis\u0142aw Wielgus uzyska\u0142 stopie\u0144 porucznika i nale\u017ca\u0142 do 2. Pu\u0142ku Lotniczego w Krakowie. Walczy\u0142 z hitlerowcami na r\u00f3\u017cnych frontach II wojny \u015bwiatowej. Zgin\u0105\u0142 bohatersk\u0105 \u015bmierci\u0105 w czasie bitwy o Angli\u0119 w 1941 roku i zosta\u0142 pochowany na cmentarzu Northwood w Londynie. Podporucznik Wielgus zosta\u0142 odznaczony za swoje zas\u0142ugi trzykrotnie Krzy\u017cem Walecznych oraz Srebrnym Krzy\u017cem Zas\u0142ugi i Polow\u0105 Odznak\u0105 Pilota.<\/p>\n\n\n\n<p>W czasie premiery ksi\u0105\u017cki, kt\u00f3ra odb\u0119dzie si\u0119 14 czerwca, &nbsp;autorka planuje przeprowadzi\u0107 rozmow\u0119 z pani\u0105 Zofi\u0105 Czekaj na temat postaci Stanis\u0142awa Wielgusa oraz zapyta\u0107 o wspomnienia zwi\u0105zane z dzieci\u0144stwem w Miedzierzy.<\/p>\n\n\n\n<hr class=\"wp-block-separator has-alpha-channel-opacity\"\/>\n\n\n<div class=\"wp-block-image\">\n<figure class=\"aligncenter size-large\"><img loading=\"lazy\" decoding=\"async\" width=\"678\" height=\"1024\" src=\"https:\/\/miedzierza.pl\/wp-content\/uploads\/2025\/05\/110.-Stanislaw-Wielgus-678x1024.jpg\" alt=\"\" class=\"wp-image-227\" srcset=\"https:\/\/miedzierza.pl\/wp-content\/uploads\/2025\/05\/110.-Stanislaw-Wielgus-678x1024.jpg 678w, https:\/\/miedzierza.pl\/wp-content\/uploads\/2025\/05\/110.-Stanislaw-Wielgus-199x300.jpg 199w, https:\/\/miedzierza.pl\/wp-content\/uploads\/2025\/05\/110.-Stanislaw-Wielgus-768x1160.jpg 768w, https:\/\/miedzierza.pl\/wp-content\/uploads\/2025\/05\/110.-Stanislaw-Wielgus-1017x1536.jpg 1017w, https:\/\/miedzierza.pl\/wp-content\/uploads\/2025\/05\/110.-Stanislaw-Wielgus-1356x2048.jpg 1356w, https:\/\/miedzierza.pl\/wp-content\/uploads\/2025\/05\/110.-Stanislaw-Wielgus-scaled.jpg 1695w\" sizes=\"auto, (max-width: 678px) 100vw, 678px\" \/><\/figure><\/div>\n\n\n<p class=\"has-text-align-center\">Porucznik Stanis\u0142aw Wielgus, 1939 rok.<\/p>\n\n\n\n<hr class=\"wp-block-separator has-alpha-channel-opacity\"\/>\n\n\n<div class=\"wp-block-image\">\n<figure class=\"aligncenter size-large\"><img loading=\"lazy\" decoding=\"async\" width=\"1024\" height=\"771\" src=\"https:\/\/miedzierza.pl\/wp-content\/uploads\/2025\/05\/PXL_20250413_121309095-1024x771.jpg\" alt=\"\" class=\"wp-image-228\" srcset=\"https:\/\/miedzierza.pl\/wp-content\/uploads\/2025\/05\/PXL_20250413_121309095-1024x771.jpg 1024w, https:\/\/miedzierza.pl\/wp-content\/uploads\/2025\/05\/PXL_20250413_121309095-300x226.jpg 300w, https:\/\/miedzierza.pl\/wp-content\/uploads\/2025\/05\/PXL_20250413_121309095-768x578.jpg 768w, https:\/\/miedzierza.pl\/wp-content\/uploads\/2025\/05\/PXL_20250413_121309095-1536x1157.jpg 1536w, https:\/\/miedzierza.pl\/wp-content\/uploads\/2025\/05\/PXL_20250413_121309095-2048x1542.jpg 2048w\" sizes=\"auto, (max-width: 1024px) 100vw, 1024px\" \/><\/figure><\/div>\n\n\n<p class=\"has-text-align-center\">Autorka z siostr\u0105 Stanis\u0142awa Wielgusa, Zofi\u0105 Czekaj.<\/p>\n","protected":false},"excerpt":{"rendered":"<p>W trakcie pracy nad ksi\u0105\u017ck\u0105 \u201eMiedzierza wczoraj i dzi\u015b\u201d autorka pozna\u0142a pani\u0105 Zofi\u0119 Czekaj z Kielc, kt\u00f3ra pochodzi z Miedzierzy i jest najm\u0142odsz\u0105 siostr\u0105 pilota Stanis\u0142awa Wielgusa. \u00a0Urodzony w Miedzierzy w 1912 roku Stanis\u0142aw Wielgus uzyska\u0142 stopie\u0144 porucznika i nale\u017ca\u0142 do 2. Pu\u0142ku Lotniczego w Krakowie. Walczy\u0142 z hitlerowcami na [&hellip;]<\/p>\n","protected":false},"author":1,"featured_media":227,"comment_status":"open","ping_status":"open","sticky":false,"template":"","format":"standard","meta":{"footnotes":""},"categories":[4],"tags":[],"class_list":["post-226","post","type-post","status-publish","format-standard","has-post-thumbnail","hentry","category-ludzie"],"yoast_head":"<!-- This site is optimized with the Yoast SEO plugin v24.7 - https:\/\/yoast.com\/wordpress\/plugins\/seo\/ -->\n<title>Porucznik Stanis\u0142aw Wielgus z Miedzierzy - Miedzierza wczoraj i dzi\u015b<\/title>\n<meta name=\"robots\" content=\"index, follow, max-snippet:-1, max-image-preview:large, max-video-preview:-1\" \/>\n<link rel=\"canonical\" href=\"https:\/\/miedzierza.pl\/?p=226\" \/>\n<meta property=\"og:locale\" content=\"pl_PL\" \/>\n<meta property=\"og:type\" content=\"article\" \/>\n<meta property=\"og:title\" content=\"Porucznik Stanis\u0142aw Wielgus z Miedzierzy - Miedzierza wczoraj i dzi\u015b\" \/>\n<meta property=\"og:description\" content=\"W trakcie pracy nad ksi\u0105\u017ck\u0105 \u201eMiedzierza wczoraj i dzi\u015b\u201d autorka pozna\u0142a pani\u0105 Zofi\u0119 Czekaj z Kielc, kt\u00f3ra pochodzi z Miedzierzy i jest najm\u0142odsz\u0105 siostr\u0105 pilota Stanis\u0142awa Wielgusa. \u00a0Urodzony w Miedzierzy w 1912 roku Stanis\u0142aw Wielgus uzyska\u0142 stopie\u0144 porucznika i nale\u017ca\u0142 do 2. Pu\u0142ku Lotniczego w Krakowie. Walczy\u0142 z hitlerowcami na [&hellip;]\" \/>\n<meta property=\"og:url\" content=\"https:\/\/miedzierza.pl\/?p=226\" \/>\n<meta property=\"og:site_name\" content=\"Miedzierza wczoraj i dzi\u015b\" \/>\n<meta property=\"article:published_time\" content=\"2025-05-23T18:21:28+00:00\" \/>\n<meta property=\"article:modified_time\" content=\"2025-06-10T18:43:06+00:00\" \/>\n<meta property=\"og:image\" content=\"https:\/\/miedzierza.pl\/wp-content\/uploads\/2025\/05\/110.-Stanislaw-Wielgus-scaled.jpg\" \/>\n\t<meta property=\"og:image:width\" content=\"1695\" \/>\n\t<meta property=\"og:image:height\" content=\"2560\" \/>\n\t<meta property=\"og:image:type\" content=\"image\/jpeg\" \/>\n<meta name=\"author\" content=\"Katarzyna Ga\u0142a\" \/>\n<meta name=\"twitter:card\" content=\"summary_large_image\" \/>\n<meta name=\"twitter:label1\" content=\"Napisane przez\" \/>\n\t<meta name=\"twitter:data1\" content=\"Katarzyna Ga\u0142a\" \/>\n\t<meta name=\"twitter:label2\" content=\"Szacowany czas czytania\" \/>\n\t<meta name=\"twitter:data2\" content=\"2 minuty\" \/>\n<script type=\"application\/ld+json\" class=\"yoast-schema-graph\">{\"@context\":\"https:\/\/schema.org\",\"@graph\":[{\"@type\":\"WebPage\",\"@id\":\"https:\/\/miedzierza.pl\/?p=226\",\"url\":\"https:\/\/miedzierza.pl\/?p=226\",\"name\":\"Porucznik Stanis\u0142aw Wielgus z Miedzierzy - Miedzierza wczoraj i dzi\u015b\",\"isPartOf\":{\"@id\":\"https:\/\/miedzierza.pl\/#website\"},\"primaryImageOfPage\":{\"@id\":\"https:\/\/miedzierza.pl\/?p=226#primaryimage\"},\"image\":{\"@id\":\"https:\/\/miedzierza.pl\/?p=226#primaryimage\"},\"thumbnailUrl\":\"https:\/\/miedzierza.pl\/wp-content\/uploads\/2025\/05\/110.-Stanislaw-Wielgus-scaled.jpg\",\"datePublished\":\"2025-05-23T18:21:28+00:00\",\"dateModified\":\"2025-06-10T18:43:06+00:00\",\"author\":{\"@id\":\"https:\/\/miedzierza.pl\/#\/schema\/person\/bbbeffb3caa45b3b5d1bc29886fa1794\"},\"breadcrumb\":{\"@id\":\"https:\/\/miedzierza.pl\/?p=226#breadcrumb\"},\"inLanguage\":\"pl-PL\",\"potentialAction\":[{\"@type\":\"ReadAction\",\"target\":[\"https:\/\/miedzierza.pl\/?p=226\"]}]},{\"@type\":\"ImageObject\",\"inLanguage\":\"pl-PL\",\"@id\":\"https:\/\/miedzierza.pl\/?p=226#primaryimage\",\"url\":\"https:\/\/miedzierza.pl\/wp-content\/uploads\/2025\/05\/110.-Stanislaw-Wielgus-scaled.jpg\",\"contentUrl\":\"https:\/\/miedzierza.pl\/wp-content\/uploads\/2025\/05\/110.-Stanislaw-Wielgus-scaled.jpg\",\"width\":1695,\"height\":2560},{\"@type\":\"BreadcrumbList\",\"@id\":\"https:\/\/miedzierza.pl\/?p=226#breadcrumb\",\"itemListElement\":[{\"@type\":\"ListItem\",\"position\":1,\"name\":\"Strona g\u0142\u00f3wna\",\"item\":\"https:\/\/miedzierza.pl\/\"},{\"@type\":\"ListItem\",\"position\":2,\"name\":\"Porucznik Stanis\u0142aw Wielgus z Miedzierzy\"}]},{\"@type\":\"WebSite\",\"@id\":\"https:\/\/miedzierza.pl\/#website\",\"url\":\"https:\/\/miedzierza.pl\/\",\"name\":\"Miedzierza wczoraj i dzi\u015b\",\"description\":\"\",\"potentialAction\":[{\"@type\":\"SearchAction\",\"target\":{\"@type\":\"EntryPoint\",\"urlTemplate\":\"https:\/\/miedzierza.pl\/?s={search_term_string}\"},\"query-input\":{\"@type\":\"PropertyValueSpecification\",\"valueRequired\":true,\"valueName\":\"search_term_string\"}}],\"inLanguage\":\"pl-PL\"},{\"@type\":\"Person\",\"@id\":\"https:\/\/miedzierza.pl\/#\/schema\/person\/bbbeffb3caa45b3b5d1bc29886fa1794\",\"name\":\"Katarzyna Ga\u0142a\",\"image\":{\"@type\":\"ImageObject\",\"inLanguage\":\"pl-PL\",\"@id\":\"https:\/\/miedzierza.pl\/#\/schema\/person\/image\/\",\"url\":\"https:\/\/secure.gravatar.com\/avatar\/c618cd0835801ffdc5f714f82cfa305c?s=96&d=mm&r=g\",\"contentUrl\":\"https:\/\/secure.gravatar.com\/avatar\/c618cd0835801ffdc5f714f82cfa305c?s=96&d=mm&r=g\",\"caption\":\"Katarzyna Ga\u0142a\"},\"sameAs\":[\"https:\/\/miedzierza.pl\"],\"url\":\"https:\/\/miedzierza.pl\/?author=1\"}]}<\/script>\n<!-- \/ Yoast SEO plugin. -->","yoast_head_json":{"title":"Porucznik Stanis\u0142aw Wielgus z Miedzierzy - Miedzierza wczoraj i dzi\u015b","robots":{"index":"index","follow":"follow","max-snippet":"max-snippet:-1","max-image-preview":"max-image-preview:large","max-video-preview":"max-video-preview:-1"},"canonical":"https:\/\/miedzierza.pl\/?p=226","og_locale":"pl_PL","og_type":"article","og_title":"Porucznik Stanis\u0142aw Wielgus z Miedzierzy - Miedzierza wczoraj i dzi\u015b","og_description":"W trakcie pracy nad ksi\u0105\u017ck\u0105 \u201eMiedzierza wczoraj i dzi\u015b\u201d autorka pozna\u0142a pani\u0105 Zofi\u0119 Czekaj z Kielc, kt\u00f3ra pochodzi z Miedzierzy i jest najm\u0142odsz\u0105 siostr\u0105 pilota Stanis\u0142awa Wielgusa. \u00a0Urodzony w Miedzierzy w 1912 roku Stanis\u0142aw Wielgus uzyska\u0142 stopie\u0144 porucznika i nale\u017ca\u0142 do 2. Pu\u0142ku Lotniczego w Krakowie. Walczy\u0142 z hitlerowcami na [&hellip;]","og_url":"https:\/\/miedzierza.pl\/?p=226","og_site_name":"Miedzierza wczoraj i dzi\u015b","article_published_time":"2025-05-23T18:21:28+00:00","article_modified_time":"2025-06-10T18:43:06+00:00","og_image":[{"width":1695,"height":2560,"url":"https:\/\/miedzierza.pl\/wp-content\/uploads\/2025\/05\/110.-Stanislaw-Wielgus-scaled.jpg","type":"image\/jpeg"}],"author":"Katarzyna Ga\u0142a","twitter_card":"summary_large_image","twitter_misc":{"Napisane przez":"Katarzyna Ga\u0142a","Szacowany czas czytania":"2 minuty"},"schema":{"@context":"https:\/\/schema.org","@graph":[{"@type":"WebPage","@id":"https:\/\/miedzierza.pl\/?p=226","url":"https:\/\/miedzierza.pl\/?p=226","name":"Porucznik Stanis\u0142aw Wielgus z Miedzierzy - Miedzierza wczoraj i dzi\u015b","isPartOf":{"@id":"https:\/\/miedzierza.pl\/#website"},"primaryImageOfPage":{"@id":"https:\/\/miedzierza.pl\/?p=226#primaryimage"},"image":{"@id":"https:\/\/miedzierza.pl\/?p=226#primaryimage"},"thumbnailUrl":"https:\/\/miedzierza.pl\/wp-content\/uploads\/2025\/05\/110.-Stanislaw-Wielgus-scaled.jpg","datePublished":"2025-05-23T18:21:28+00:00","dateModified":"2025-06-10T18:43:06+00:00","author":{"@id":"https:\/\/miedzierza.pl\/#\/schema\/person\/bbbeffb3caa45b3b5d1bc29886fa1794"},"breadcrumb":{"@id":"https:\/\/miedzierza.pl\/?p=226#breadcrumb"},"inLanguage":"pl-PL","potentialAction":[{"@type":"ReadAction","target":["https:\/\/miedzierza.pl\/?p=226"]}]},{"@type":"ImageObject","inLanguage":"pl-PL","@id":"https:\/\/miedzierza.pl\/?p=226#primaryimage","url":"https:\/\/miedzierza.pl\/wp-content\/uploads\/2025\/05\/110.-Stanislaw-Wielgus-scaled.jpg","contentUrl":"https:\/\/miedzierza.pl\/wp-content\/uploads\/2025\/05\/110.-Stanislaw-Wielgus-scaled.jpg","width":1695,"height":2560},{"@type":"BreadcrumbList","@id":"https:\/\/miedzierza.pl\/?p=226#breadcrumb","itemListElement":[{"@type":"ListItem","position":1,"name":"Strona g\u0142\u00f3wna","item":"https:\/\/miedzierza.pl\/"},{"@type":"ListItem","position":2,"name":"Porucznik Stanis\u0142aw Wielgus z Miedzierzy"}]},{"@type":"WebSite","@id":"https:\/\/miedzierza.pl\/#website","url":"https:\/\/miedzierza.pl\/","name":"Miedzierza wczoraj i dzi\u015b","description":"","potentialAction":[{"@type":"SearchAction","target":{"@type":"EntryPoint","urlTemplate":"https:\/\/miedzierza.pl\/?s={search_term_string}"},"query-input":{"@type":"PropertyValueSpecification","valueRequired":true,"valueName":"search_term_string"}}],"inLanguage":"pl-PL"},{"@type":"Person","@id":"https:\/\/miedzierza.pl\/#\/schema\/person\/bbbeffb3caa45b3b5d1bc29886fa1794","name":"Katarzyna Ga\u0142a","image":{"@type":"ImageObject","inLanguage":"pl-PL","@id":"https:\/\/miedzierza.pl\/#\/schema\/person\/image\/","url":"https:\/\/secure.gravatar.com\/avatar\/c618cd0835801ffdc5f714f82cfa305c?s=96&d=mm&r=g","contentUrl":"https:\/\/secure.gravatar.com\/avatar\/c618cd0835801ffdc5f714f82cfa305c?s=96&d=mm&r=g","caption":"Katarzyna Ga\u0142a"},"sameAs":["https:\/\/miedzierza.pl"],"url":"https:\/\/miedzierza.pl\/?author=1"}]}},"blog_post_layout_featured_media_urls":{"thumbnail":["https:\/\/miedzierza.pl\/wp-content\/uploads\/2025\/05\/110.-Stanislaw-Wielgus-150x150.jpg",150,150,true],"full":["https:\/\/miedzierza.pl\/wp-content\/uploads\/2025\/05\/110.-Stanislaw-Wielgus-scaled.jpg",1695,2560,false]},"categories_names":{"4":{"name":"Ludzie","link":"https:\/\/miedzierza.pl\/?cat=4"}},"tags_names":[],"comments_number":"0","_links":{"self":[{"href":"https:\/\/miedzierza.pl\/index.php?rest_route=\/wp\/v2\/posts\/226","targetHints":{"allow":["GET"]}}],"collection":[{"href":"https:\/\/miedzierza.pl\/index.php?rest_route=\/wp\/v2\/posts"}],"about":[{"href":"https:\/\/miedzierza.pl\/index.php?rest_route=\/wp\/v2\/types\/post"}],"author":[{"embeddable":true,"href":"https:\/\/miedzierza.pl\/index.php?rest_route=\/wp\/v2\/users\/1"}],"replies":[{"embeddable":true,"href":"https:\/\/miedzierza.pl\/index.php?rest_route=%2Fwp%2Fv2%2Fcomments&post=226"}],"version-history":[{"count":4,"href":"https:\/\/miedzierza.pl\/index.php?rest_route=\/wp\/v2\/posts\/226\/revisions"}],"predecessor-version":[{"id":249,"href":"https:\/\/miedzierza.pl\/index.php?rest_route=\/wp\/v2\/posts\/226\/revisions\/249"}],"wp:featuredmedia":[{"embeddable":true,"href":"https:\/\/miedzierza.pl\/index.php?rest_route=\/wp\/v2\/media\/227"}],"wp:attachment":[{"href":"https:\/\/miedzierza.pl\/index.php?rest_route=%2Fwp%2Fv2%2Fmedia&parent=226"}],"wp:term":[{"taxonomy":"category","embeddable":true,"href":"https:\/\/miedzierza.pl\/index.php?rest_route=%2Fwp%2Fv2%2Fcategories&post=226"},{"taxonomy":"post_tag","embeddable":true,"href":"https:\/\/miedzierza.pl\/index.php?rest_route=%2Fwp%2Fv2%2Ftags&post=226"}],"curies":[{"name":"wp","href":"https:\/\/api.w.org\/{rel}","templated":true}]}}