{"id":276,"date":"2025-07-25T19:43:49","date_gmt":"2025-07-25T19:43:49","guid":{"rendered":"https:\/\/miedzierza.pl\/?p=276"},"modified":"2025-07-26T10:03:40","modified_gmt":"2025-07-26T10:03:40","slug":"miedzierza-w-radiu-kielce","status":"publish","type":"post","link":"https:\/\/miedzierza.pl\/?p=276","title":{"rendered":"Miedzierza w Radiu Kielce"},"content":{"rendered":"\n<p>20 lipca 2025 roku w Radiu Kielce zosta\u0142 wyemitowany odcinek audycji &#8222;Moc Historii&#8221; po\u015bwi\u0119cony Miedzierzy. Go\u015b\u0107mi redaktora Roberta Szumielewicza byli wsp\u00f3\u0142pracuj\u0105cy z nim regionalista, doktor Cezary Jastrz\u0119bski oraz autorka ksi\u0105\u017cki &#8222;Miedzierza wczoraj i dzi\u015b&#8221; doktor Katarzyna Ga\u0142a.<\/p>\n\n\n\n<hr class=\"wp-block-separator has-alpha-channel-opacity\"\/>\n\n\n\n<figure class=\"wp-block-image size-large\"><img loading=\"lazy\" decoding=\"async\" width=\"771\" height=\"1024\" src=\"https:\/\/miedzierza.pl\/wp-content\/uploads\/2025\/07\/PXL_20250708_105256310-771x1024.jpg\" alt=\"\" class=\"wp-image-277\" srcset=\"https:\/\/miedzierza.pl\/wp-content\/uploads\/2025\/07\/PXL_20250708_105256310-771x1024.jpg 771w, https:\/\/miedzierza.pl\/wp-content\/uploads\/2025\/07\/PXL_20250708_105256310-226x300.jpg 226w, https:\/\/miedzierza.pl\/wp-content\/uploads\/2025\/07\/PXL_20250708_105256310-768x1020.jpg 768w, https:\/\/miedzierza.pl\/wp-content\/uploads\/2025\/07\/PXL_20250708_105256310-1157x1536.jpg 1157w, https:\/\/miedzierza.pl\/wp-content\/uploads\/2025\/07\/PXL_20250708_105256310-1542x2048.jpg 1542w, https:\/\/miedzierza.pl\/wp-content\/uploads\/2025\/07\/PXL_20250708_105256310-scaled.jpg 1928w\" sizes=\"auto, (max-width: 771px) 100vw, 771px\" \/><\/figure>\n\n\n\n<hr class=\"wp-block-separator has-alpha-channel-opacity\"\/>\n\n\n\n<p>Audycji mo\u017cna wys\u0142ucha\u0107 na kanale YouTube<\/p>\n\n\n\n<figure class=\"wp-block-embed is-type-video is-provider-youtube wp-block-embed-youtube wp-embed-aspect-4-3 wp-has-aspect-ratio\"><div class=\"wp-block-embed__wrapper\">\n<iframe loading=\"lazy\" title=\"Miedzierza w gminie Smyk\u00f3w\" width=\"750\" height=\"563\" src=\"https:\/\/www.youtube.com\/embed\/Pto_f_Glyq8?feature=oembed\" frameborder=\"0\" allow=\"accelerometer; autoplay; clipboard-write; encrypted-media; gyroscope; picture-in-picture; web-share\" referrerpolicy=\"strict-origin-when-cross-origin\" allowfullscreen><\/iframe>\n<\/div><\/figure>\n","protected":false},"excerpt":{"rendered":"<p>20 lipca 2025 roku w Radiu Kielce zosta\u0142 wyemitowany odcinek audycji &#8222;Moc Historii&#8221; po\u015bwi\u0119cony Miedzierzy. Go\u015b\u0107mi redaktora Roberta Szumielewicza byli wsp\u00f3\u0142pracuj\u0105cy z nim regionalista, doktor Cezary Jastrz\u0119bski oraz autorka ksi\u0105\u017cki &#8222;Miedzierza wczoraj i dzi\u015b&#8221; doktor Katarzyna Ga\u0142a. Audycji mo\u017cna wys\u0142ucha\u0107 na kanale YouTube<\/p>\n","protected":false},"author":1,"featured_media":277,"comment_status":"open","ping_status":"open","sticky":false,"template":"","format":"standard","meta":{"footnotes":""},"categories":[6],"tags":[],"class_list":["post-276","post","type-post","status-publish","format-standard","has-post-thumbnail","hentry","category-media"],"yoast_head":"<!-- This site is optimized with the Yoast SEO plugin v24.7 - https:\/\/yoast.com\/wordpress\/plugins\/seo\/ -->\n<title>Miedzierza w Radiu Kielce - Miedzierza wczoraj i dzi\u015b<\/title>\n<meta name=\"robots\" content=\"index, follow, max-snippet:-1, max-image-preview:large, max-video-preview:-1\" \/>\n<link rel=\"canonical\" href=\"https:\/\/miedzierza.pl\/?p=276\" \/>\n<meta property=\"og:locale\" content=\"pl_PL\" \/>\n<meta property=\"og:type\" content=\"article\" \/>\n<meta property=\"og:title\" content=\"Miedzierza w Radiu Kielce - Miedzierza wczoraj i dzi\u015b\" \/>\n<meta property=\"og:description\" content=\"20 lipca 2025 roku w Radiu Kielce zosta\u0142 wyemitowany odcinek audycji &#8222;Moc Historii&#8221; po\u015bwi\u0119cony Miedzierzy. Go\u015b\u0107mi redaktora Roberta Szumielewicza byli wsp\u00f3\u0142pracuj\u0105cy z nim regionalista, doktor Cezary Jastrz\u0119bski oraz autorka ksi\u0105\u017cki &#8222;Miedzierza wczoraj i dzi\u015b&#8221; doktor Katarzyna Ga\u0142a. Audycji mo\u017cna wys\u0142ucha\u0107 na kanale YouTube\" \/>\n<meta property=\"og:url\" content=\"https:\/\/miedzierza.pl\/?p=276\" \/>\n<meta property=\"og:site_name\" content=\"Miedzierza wczoraj i dzi\u015b\" \/>\n<meta property=\"article:published_time\" content=\"2025-07-25T19:43:49+00:00\" \/>\n<meta property=\"article:modified_time\" content=\"2025-07-26T10:03:40+00:00\" \/>\n<meta property=\"og:image\" content=\"https:\/\/miedzierza.pl\/wp-content\/uploads\/2025\/07\/PXL_20250708_105256310-scaled.jpg\" \/>\n\t<meta property=\"og:image:width\" content=\"1928\" \/>\n\t<meta property=\"og:image:height\" content=\"2560\" \/>\n\t<meta property=\"og:image:type\" content=\"image\/jpeg\" \/>\n<meta name=\"author\" content=\"Katarzyna Ga\u0142a\" \/>\n<meta name=\"twitter:card\" content=\"summary_large_image\" \/>\n<meta name=\"twitter:label1\" content=\"Napisane przez\" \/>\n\t<meta name=\"twitter:data1\" content=\"Katarzyna Ga\u0142a\" \/>\n\t<meta name=\"twitter:label2\" content=\"Szacowany czas czytania\" \/>\n\t<meta name=\"twitter:data2\" content=\"1 minuta\" \/>\n<script type=\"application\/ld+json\" class=\"yoast-schema-graph\">{\"@context\":\"https:\/\/schema.org\",\"@graph\":[{\"@type\":\"WebPage\",\"@id\":\"https:\/\/miedzierza.pl\/?p=276\",\"url\":\"https:\/\/miedzierza.pl\/?p=276\",\"name\":\"Miedzierza w Radiu Kielce - Miedzierza wczoraj i dzi\u015b\",\"isPartOf\":{\"@id\":\"https:\/\/miedzierza.pl\/#website\"},\"primaryImageOfPage\":{\"@id\":\"https:\/\/miedzierza.pl\/?p=276#primaryimage\"},\"image\":{\"@id\":\"https:\/\/miedzierza.pl\/?p=276#primaryimage\"},\"thumbnailUrl\":\"https:\/\/miedzierza.pl\/wp-content\/uploads\/2025\/07\/PXL_20250708_105256310-scaled.jpg\",\"datePublished\":\"2025-07-25T19:43:49+00:00\",\"dateModified\":\"2025-07-26T10:03:40+00:00\",\"author\":{\"@id\":\"https:\/\/miedzierza.pl\/#\/schema\/person\/bbbeffb3caa45b3b5d1bc29886fa1794\"},\"breadcrumb\":{\"@id\":\"https:\/\/miedzierza.pl\/?p=276#breadcrumb\"},\"inLanguage\":\"pl-PL\",\"potentialAction\":[{\"@type\":\"ReadAction\",\"target\":[\"https:\/\/miedzierza.pl\/?p=276\"]}]},{\"@type\":\"ImageObject\",\"inLanguage\":\"pl-PL\",\"@id\":\"https:\/\/miedzierza.pl\/?p=276#primaryimage\",\"url\":\"https:\/\/miedzierza.pl\/wp-content\/uploads\/2025\/07\/PXL_20250708_105256310-scaled.jpg\",\"contentUrl\":\"https:\/\/miedzierza.pl\/wp-content\/uploads\/2025\/07\/PXL_20250708_105256310-scaled.jpg\",\"width\":1928,\"height\":2560},{\"@type\":\"BreadcrumbList\",\"@id\":\"https:\/\/miedzierza.pl\/?p=276#breadcrumb\",\"itemListElement\":[{\"@type\":\"ListItem\",\"position\":1,\"name\":\"Strona g\u0142\u00f3wna\",\"item\":\"https:\/\/miedzierza.pl\/\"},{\"@type\":\"ListItem\",\"position\":2,\"name\":\"Miedzierza w Radiu Kielce\"}]},{\"@type\":\"WebSite\",\"@id\":\"https:\/\/miedzierza.pl\/#website\",\"url\":\"https:\/\/miedzierza.pl\/\",\"name\":\"Miedzierza wczoraj i dzi\u015b\",\"description\":\"\",\"potentialAction\":[{\"@type\":\"SearchAction\",\"target\":{\"@type\":\"EntryPoint\",\"urlTemplate\":\"https:\/\/miedzierza.pl\/?s={search_term_string}\"},\"query-input\":{\"@type\":\"PropertyValueSpecification\",\"valueRequired\":true,\"valueName\":\"search_term_string\"}}],\"inLanguage\":\"pl-PL\"},{\"@type\":\"Person\",\"@id\":\"https:\/\/miedzierza.pl\/#\/schema\/person\/bbbeffb3caa45b3b5d1bc29886fa1794\",\"name\":\"Katarzyna Ga\u0142a\",\"image\":{\"@type\":\"ImageObject\",\"inLanguage\":\"pl-PL\",\"@id\":\"https:\/\/miedzierza.pl\/#\/schema\/person\/image\/\",\"url\":\"https:\/\/secure.gravatar.com\/avatar\/c618cd0835801ffdc5f714f82cfa305c?s=96&d=mm&r=g\",\"contentUrl\":\"https:\/\/secure.gravatar.com\/avatar\/c618cd0835801ffdc5f714f82cfa305c?s=96&d=mm&r=g\",\"caption\":\"Katarzyna Ga\u0142a\"},\"sameAs\":[\"https:\/\/miedzierza.pl\"],\"url\":\"https:\/\/miedzierza.pl\/?author=1\"}]}<\/script>\n<!-- \/ Yoast SEO plugin. -->","yoast_head_json":{"title":"Miedzierza w Radiu Kielce - Miedzierza wczoraj i dzi\u015b","robots":{"index":"index","follow":"follow","max-snippet":"max-snippet:-1","max-image-preview":"max-image-preview:large","max-video-preview":"max-video-preview:-1"},"canonical":"https:\/\/miedzierza.pl\/?p=276","og_locale":"pl_PL","og_type":"article","og_title":"Miedzierza w Radiu Kielce - Miedzierza wczoraj i dzi\u015b","og_description":"20 lipca 2025 roku w Radiu Kielce zosta\u0142 wyemitowany odcinek audycji &#8222;Moc Historii&#8221; po\u015bwi\u0119cony Miedzierzy. Go\u015b\u0107mi redaktora Roberta Szumielewicza byli wsp\u00f3\u0142pracuj\u0105cy z nim regionalista, doktor Cezary Jastrz\u0119bski oraz autorka ksi\u0105\u017cki &#8222;Miedzierza wczoraj i dzi\u015b&#8221; doktor Katarzyna Ga\u0142a. Audycji mo\u017cna wys\u0142ucha\u0107 na kanale YouTube","og_url":"https:\/\/miedzierza.pl\/?p=276","og_site_name":"Miedzierza wczoraj i dzi\u015b","article_published_time":"2025-07-25T19:43:49+00:00","article_modified_time":"2025-07-26T10:03:40+00:00","og_image":[{"width":1928,"height":2560,"url":"https:\/\/miedzierza.pl\/wp-content\/uploads\/2025\/07\/PXL_20250708_105256310-scaled.jpg","type":"image\/jpeg"}],"author":"Katarzyna Ga\u0142a","twitter_card":"summary_large_image","twitter_misc":{"Napisane przez":"Katarzyna Ga\u0142a","Szacowany czas czytania":"1 minuta"},"schema":{"@context":"https:\/\/schema.org","@graph":[{"@type":"WebPage","@id":"https:\/\/miedzierza.pl\/?p=276","url":"https:\/\/miedzierza.pl\/?p=276","name":"Miedzierza w Radiu Kielce - Miedzierza wczoraj i dzi\u015b","isPartOf":{"@id":"https:\/\/miedzierza.pl\/#website"},"primaryImageOfPage":{"@id":"https:\/\/miedzierza.pl\/?p=276#primaryimage"},"image":{"@id":"https:\/\/miedzierza.pl\/?p=276#primaryimage"},"thumbnailUrl":"https:\/\/miedzierza.pl\/wp-content\/uploads\/2025\/07\/PXL_20250708_105256310-scaled.jpg","datePublished":"2025-07-25T19:43:49+00:00","dateModified":"2025-07-26T10:03:40+00:00","author":{"@id":"https:\/\/miedzierza.pl\/#\/schema\/person\/bbbeffb3caa45b3b5d1bc29886fa1794"},"breadcrumb":{"@id":"https:\/\/miedzierza.pl\/?p=276#breadcrumb"},"inLanguage":"pl-PL","potentialAction":[{"@type":"ReadAction","target":["https:\/\/miedzierza.pl\/?p=276"]}]},{"@type":"ImageObject","inLanguage":"pl-PL","@id":"https:\/\/miedzierza.pl\/?p=276#primaryimage","url":"https:\/\/miedzierza.pl\/wp-content\/uploads\/2025\/07\/PXL_20250708_105256310-scaled.jpg","contentUrl":"https:\/\/miedzierza.pl\/wp-content\/uploads\/2025\/07\/PXL_20250708_105256310-scaled.jpg","width":1928,"height":2560},{"@type":"BreadcrumbList","@id":"https:\/\/miedzierza.pl\/?p=276#breadcrumb","itemListElement":[{"@type":"ListItem","position":1,"name":"Strona g\u0142\u00f3wna","item":"https:\/\/miedzierza.pl\/"},{"@type":"ListItem","position":2,"name":"Miedzierza w Radiu Kielce"}]},{"@type":"WebSite","@id":"https:\/\/miedzierza.pl\/#website","url":"https:\/\/miedzierza.pl\/","name":"Miedzierza wczoraj i dzi\u015b","description":"","potentialAction":[{"@type":"SearchAction","target":{"@type":"EntryPoint","urlTemplate":"https:\/\/miedzierza.pl\/?s={search_term_string}"},"query-input":{"@type":"PropertyValueSpecification","valueRequired":true,"valueName":"search_term_string"}}],"inLanguage":"pl-PL"},{"@type":"Person","@id":"https:\/\/miedzierza.pl\/#\/schema\/person\/bbbeffb3caa45b3b5d1bc29886fa1794","name":"Katarzyna Ga\u0142a","image":{"@type":"ImageObject","inLanguage":"pl-PL","@id":"https:\/\/miedzierza.pl\/#\/schema\/person\/image\/","url":"https:\/\/secure.gravatar.com\/avatar\/c618cd0835801ffdc5f714f82cfa305c?s=96&d=mm&r=g","contentUrl":"https:\/\/secure.gravatar.com\/avatar\/c618cd0835801ffdc5f714f82cfa305c?s=96&d=mm&r=g","caption":"Katarzyna Ga\u0142a"},"sameAs":["https:\/\/miedzierza.pl"],"url":"https:\/\/miedzierza.pl\/?author=1"}]}},"blog_post_layout_featured_media_urls":{"thumbnail":["https:\/\/miedzierza.pl\/wp-content\/uploads\/2025\/07\/PXL_20250708_105256310-150x150.jpg",150,150,true],"full":["https:\/\/miedzierza.pl\/wp-content\/uploads\/2025\/07\/PXL_20250708_105256310-scaled.jpg",1928,2560,false]},"categories_names":{"6":{"name":"Media","link":"https:\/\/miedzierza.pl\/?cat=6"}},"tags_names":[],"comments_number":"0","_links":{"self":[{"href":"https:\/\/miedzierza.pl\/index.php?rest_route=\/wp\/v2\/posts\/276","targetHints":{"allow":["GET"]}}],"collection":[{"href":"https:\/\/miedzierza.pl\/index.php?rest_route=\/wp\/v2\/posts"}],"about":[{"href":"https:\/\/miedzierza.pl\/index.php?rest_route=\/wp\/v2\/types\/post"}],"author":[{"embeddable":true,"href":"https:\/\/miedzierza.pl\/index.php?rest_route=\/wp\/v2\/users\/1"}],"replies":[{"embeddable":true,"href":"https:\/\/miedzierza.pl\/index.php?rest_route=%2Fwp%2Fv2%2Fcomments&post=276"}],"version-history":[{"count":2,"href":"https:\/\/miedzierza.pl\/index.php?rest_route=\/wp\/v2\/posts\/276\/revisions"}],"predecessor-version":[{"id":287,"href":"https:\/\/miedzierza.pl\/index.php?rest_route=\/wp\/v2\/posts\/276\/revisions\/287"}],"wp:featuredmedia":[{"embeddable":true,"href":"https:\/\/miedzierza.pl\/index.php?rest_route=\/wp\/v2\/media\/277"}],"wp:attachment":[{"href":"https:\/\/miedzierza.pl\/index.php?rest_route=%2Fwp%2Fv2%2Fmedia&parent=276"}],"wp:term":[{"taxonomy":"category","embeddable":true,"href":"https:\/\/miedzierza.pl\/index.php?rest_route=%2Fwp%2Fv2%2Fcategories&post=276"},{"taxonomy":"post_tag","embeddable":true,"href":"https:\/\/miedzierza.pl\/index.php?rest_route=%2Fwp%2Fv2%2Ftags&post=276"}],"curies":[{"name":"wp","href":"https:\/\/api.w.org\/{rel}","templated":true}]}}