{"id":279,"date":"2025-07-25T19:58:22","date_gmt":"2025-07-25T19:58:22","guid":{"rendered":"https:\/\/miedzierza.pl\/?p=279"},"modified":"2025-07-26T17:03:06","modified_gmt":"2025-07-26T17:03:06","slug":"echa-audycji-moc-historii","status":"publish","type":"post","link":"https:\/\/miedzierza.pl\/?p=279","title":{"rendered":"Echa audycji &#8222;Moc historii&#8221;"},"content":{"rendered":"\n<p>W trakcie audycji &#8222;Moc historii&#8221; po\u015bwi\u0119conej Miedzierzy, wyemitowanej 20 lipca 2025 roku, doktor Cezary Jastrz\u0119bski wspomnia\u0142 o grobie g\u00f3rnik\u00f3w znajduj\u0105cym si\u0119 na cmentarzu w Miedzierzy. Autorka ksi\u0105\u017cki &#8222;Miedzierza wczoraj i dzi\u015b&#8221; dzi\u0119ki wsparciu Romana Cichackiego i Joanny Wydry zlokalizowa\u0142a po\u0142o\u017cenie tego nagrobka. Z danych metrykalnych wynika, g\u00f3rnicy zgin\u0119li 10 lutego 1859 w kopalni Jan Dziadek. Ze \u017ar\u00f3de\u0142 metrykalnych wynika, \u017ce byli to 42-letni J\u00f3zef Lachowski, 40-letni Aleksander Chrzanowski i 26-letni Wojciech Milczarczyk. Wszyscy pochodzili z Kamiennej Woli. G\u00f3rnicy zgin\u0119li z powodu zawalenia si\u0119 szybu kopalnianego. W zwi\u0105zku z ich \u015bmierci\u0105 odby\u0142o si\u0119 \u015bledztwo s\u0105dowo-lekarskie.<\/p>\n\n\n\n<hr class=\"wp-block-separator has-alpha-channel-opacity\"\/>\n\n\n\n<figure class=\"wp-block-image size-large\"><img loading=\"lazy\" decoding=\"async\" width=\"771\" height=\"1024\" src=\"https:\/\/miedzierza.pl\/wp-content\/uploads\/2025\/07\/PXL_20250721_112419029-771x1024.jpg\" alt=\"\" class=\"wp-image-280\" srcset=\"https:\/\/miedzierza.pl\/wp-content\/uploads\/2025\/07\/PXL_20250721_112419029-771x1024.jpg 771w, https:\/\/miedzierza.pl\/wp-content\/uploads\/2025\/07\/PXL_20250721_112419029-226x300.jpg 226w, https:\/\/miedzierza.pl\/wp-content\/uploads\/2025\/07\/PXL_20250721_112419029-768x1020.jpg 768w, https:\/\/miedzierza.pl\/wp-content\/uploads\/2025\/07\/PXL_20250721_112419029-1157x1536.jpg 1157w, https:\/\/miedzierza.pl\/wp-content\/uploads\/2025\/07\/PXL_20250721_112419029-1542x2048.jpg 1542w, https:\/\/miedzierza.pl\/wp-content\/uploads\/2025\/07\/PXL_20250721_112419029-scaled.jpg 1928w\" sizes=\"auto, (max-width: 771px) 100vw, 771px\" \/><\/figure>\n\n\n\n<hr class=\"wp-block-separator has-alpha-channel-opacity\"\/>\n\n\n\n<figure class=\"wp-block-image size-large\"><img loading=\"lazy\" decoding=\"async\" width=\"1024\" height=\"771\" src=\"https:\/\/miedzierza.pl\/wp-content\/uploads\/2025\/07\/PXL_20250721_112424726-1024x771.jpg\" alt=\"\" class=\"wp-image-281\" srcset=\"https:\/\/miedzierza.pl\/wp-content\/uploads\/2025\/07\/PXL_20250721_112424726-1024x771.jpg 1024w, https:\/\/miedzierza.pl\/wp-content\/uploads\/2025\/07\/PXL_20250721_112424726-300x226.jpg 300w, https:\/\/miedzierza.pl\/wp-content\/uploads\/2025\/07\/PXL_20250721_112424726-768x578.jpg 768w, https:\/\/miedzierza.pl\/wp-content\/uploads\/2025\/07\/PXL_20250721_112424726-1536x1157.jpg 1536w, https:\/\/miedzierza.pl\/wp-content\/uploads\/2025\/07\/PXL_20250721_112424726-2048x1542.jpg 2048w\" sizes=\"auto, (max-width: 1024px) 100vw, 1024px\" \/><\/figure>\n\n\n\n<hr class=\"wp-block-separator has-alpha-channel-opacity\"\/>\n\n\n\n<figure class=\"wp-block-image size-large\"><img loading=\"lazy\" decoding=\"async\" width=\"1024\" height=\"771\" src=\"https:\/\/miedzierza.pl\/wp-content\/uploads\/2025\/07\/PXL_20250721_112440346-1024x771.jpg\" alt=\"\" class=\"wp-image-282\" srcset=\"https:\/\/miedzierza.pl\/wp-content\/uploads\/2025\/07\/PXL_20250721_112440346-1024x771.jpg 1024w, https:\/\/miedzierza.pl\/wp-content\/uploads\/2025\/07\/PXL_20250721_112440346-300x226.jpg 300w, https:\/\/miedzierza.pl\/wp-content\/uploads\/2025\/07\/PXL_20250721_112440346-768x578.jpg 768w, https:\/\/miedzierza.pl\/wp-content\/uploads\/2025\/07\/PXL_20250721_112440346-1536x1157.jpg 1536w, https:\/\/miedzierza.pl\/wp-content\/uploads\/2025\/07\/PXL_20250721_112440346-2048x1542.jpg 2048w\" sizes=\"auto, (max-width: 1024px) 100vw, 1024px\" \/><\/figure>\n\n\n\n<hr class=\"wp-block-separator has-alpha-channel-opacity\"\/>\n\n\n\n<blockquote class=\"wp-block-quote is-layout-flow wp-block-quote-is-layout-flow\">\n<p>W zwi\u0105zku z audycj\u0105 Moc Historii, w kt\u00f3rej pan doktor Cezary Jastrz\u0119bski wspomnia\u0142 o \u017ar\u00f3d\u0142ach, kt\u00f3rych nie wykorzysta\u0142am w ksi\u0105\u017cce, chcia\u0142am sprostowa\u0107, \u017ce owszem w Archiwum Diecezji Sandomierskiej znajduj\u0105 si\u0119 dokumenty dotycz\u0105ce Miedzierzy, ale zgodnie z danymi zawartymi w Inwentarzu s\u0105 to opr\u00f3cz Akt Zgromadzenia Si\u00f3str S\u0142u\u017cek Naj\u015bwi\u0119tszej Maryi\u00a0Panny Niepokalanej (gdzie Miedzierza jest jedn\u0105 z bardzo wielu wymienionych miejscowo\u015bci) te same dokumenty, kt\u00f3re znajduj\u0105 w archiwum parafialnym w Miedzierzy. Potwierdzi\u0142am to w rozmowie telefonicznej z archiwist\u0105, kt\u00f3r\u0105 odby\u0142am kilka lat temu pracuj\u0105c nad ksi\u0105\u017ck\u0105.<\/p>\n\n\n\n<p>Je\u015bli chodzi za\u015b o Akta Metrykalne z Miedzierzy sprzed 1810 roku s\u0105 one bardzo skromne i nie ma w nich informacji o zawodach wymienionych os\u00f3b.<\/p>\n<\/blockquote>\n\n\n\n<p class=\"has-text-align-right\">Autorka ksi\u0105\u017cki &#8222;Miedzierza wczoraj i dzi\u015b&#8221;<\/p>\n\n\n\n<p><\/p>\n","protected":false},"excerpt":{"rendered":"<p>W trakcie audycji &#8222;Moc historii&#8221; po\u015bwi\u0119conej Miedzierzy, wyemitowanej 20 lipca 2025 roku, doktor Cezary Jastrz\u0119bski wspomnia\u0142 o grobie g\u00f3rnik\u00f3w znajduj\u0105cym si\u0119 na cmentarzu w Miedzierzy. Autorka ksi\u0105\u017cki &#8222;Miedzierza wczoraj i dzi\u015b&#8221; dzi\u0119ki wsparciu Romana Cichackiego i Joanny Wydry zlokalizowa\u0142a po\u0142o\u017cenie tego nagrobka. Z danych metrykalnych wynika, g\u00f3rnicy zgin\u0119li 10 lutego [&hellip;]<\/p>\n","protected":false},"author":1,"featured_media":282,"comment_status":"open","ping_status":"open","sticky":false,"template":"","format":"standard","meta":{"footnotes":""},"categories":[6],"tags":[],"class_list":["post-279","post","type-post","status-publish","format-standard","has-post-thumbnail","hentry","category-media"],"yoast_head":"<!-- This site is optimized with the Yoast SEO plugin v24.7 - https:\/\/yoast.com\/wordpress\/plugins\/seo\/ -->\n<title>Echa audycji &quot;Moc historii&quot; - Miedzierza wczoraj i dzi\u015b<\/title>\n<meta name=\"robots\" content=\"index, follow, max-snippet:-1, max-image-preview:large, max-video-preview:-1\" \/>\n<link rel=\"canonical\" href=\"https:\/\/miedzierza.pl\/?p=279\" \/>\n<meta property=\"og:locale\" content=\"pl_PL\" \/>\n<meta property=\"og:type\" content=\"article\" \/>\n<meta property=\"og:title\" content=\"Echa audycji &quot;Moc historii&quot; - Miedzierza wczoraj i dzi\u015b\" \/>\n<meta property=\"og:description\" content=\"W trakcie audycji &#8222;Moc historii&#8221; po\u015bwi\u0119conej Miedzierzy, wyemitowanej 20 lipca 2025 roku, doktor Cezary Jastrz\u0119bski wspomnia\u0142 o grobie g\u00f3rnik\u00f3w znajduj\u0105cym si\u0119 na cmentarzu w Miedzierzy. Autorka ksi\u0105\u017cki &#8222;Miedzierza wczoraj i dzi\u015b&#8221; dzi\u0119ki wsparciu Romana Cichackiego i Joanny Wydry zlokalizowa\u0142a po\u0142o\u017cenie tego nagrobka. Z danych metrykalnych wynika, g\u00f3rnicy zgin\u0119li 10 lutego [&hellip;]\" \/>\n<meta property=\"og:url\" content=\"https:\/\/miedzierza.pl\/?p=279\" \/>\n<meta property=\"og:site_name\" content=\"Miedzierza wczoraj i dzi\u015b\" \/>\n<meta property=\"article:published_time\" content=\"2025-07-25T19:58:22+00:00\" \/>\n<meta property=\"article:modified_time\" content=\"2025-07-26T17:03:06+00:00\" \/>\n<meta property=\"og:image\" content=\"https:\/\/miedzierza.pl\/wp-content\/uploads\/2025\/07\/PXL_20250721_112440346-scaled.jpg\" \/>\n\t<meta property=\"og:image:width\" content=\"2560\" \/>\n\t<meta property=\"og:image:height\" content=\"1928\" \/>\n\t<meta property=\"og:image:type\" content=\"image\/jpeg\" \/>\n<meta name=\"author\" content=\"Katarzyna Ga\u0142a\" \/>\n<meta name=\"twitter:card\" content=\"summary_large_image\" \/>\n<meta name=\"twitter:label1\" content=\"Napisane przez\" \/>\n\t<meta name=\"twitter:data1\" content=\"Katarzyna Ga\u0142a\" \/>\n\t<meta name=\"twitter:label2\" content=\"Szacowany czas czytania\" \/>\n\t<meta name=\"twitter:data2\" content=\"2 minuty\" \/>\n<script type=\"application\/ld+json\" class=\"yoast-schema-graph\">{\"@context\":\"https:\/\/schema.org\",\"@graph\":[{\"@type\":\"WebPage\",\"@id\":\"https:\/\/miedzierza.pl\/?p=279\",\"url\":\"https:\/\/miedzierza.pl\/?p=279\",\"name\":\"Echa audycji \\\"Moc historii\\\" - Miedzierza wczoraj i dzi\u015b\",\"isPartOf\":{\"@id\":\"https:\/\/miedzierza.pl\/#website\"},\"primaryImageOfPage\":{\"@id\":\"https:\/\/miedzierza.pl\/?p=279#primaryimage\"},\"image\":{\"@id\":\"https:\/\/miedzierza.pl\/?p=279#primaryimage\"},\"thumbnailUrl\":\"https:\/\/miedzierza.pl\/wp-content\/uploads\/2025\/07\/PXL_20250721_112440346-scaled.jpg\",\"datePublished\":\"2025-07-25T19:58:22+00:00\",\"dateModified\":\"2025-07-26T17:03:06+00:00\",\"author\":{\"@id\":\"https:\/\/miedzierza.pl\/#\/schema\/person\/bbbeffb3caa45b3b5d1bc29886fa1794\"},\"breadcrumb\":{\"@id\":\"https:\/\/miedzierza.pl\/?p=279#breadcrumb\"},\"inLanguage\":\"pl-PL\",\"potentialAction\":[{\"@type\":\"ReadAction\",\"target\":[\"https:\/\/miedzierza.pl\/?p=279\"]}]},{\"@type\":\"ImageObject\",\"inLanguage\":\"pl-PL\",\"@id\":\"https:\/\/miedzierza.pl\/?p=279#primaryimage\",\"url\":\"https:\/\/miedzierza.pl\/wp-content\/uploads\/2025\/07\/PXL_20250721_112440346-scaled.jpg\",\"contentUrl\":\"https:\/\/miedzierza.pl\/wp-content\/uploads\/2025\/07\/PXL_20250721_112440346-scaled.jpg\",\"width\":2560,\"height\":1928},{\"@type\":\"BreadcrumbList\",\"@id\":\"https:\/\/miedzierza.pl\/?p=279#breadcrumb\",\"itemListElement\":[{\"@type\":\"ListItem\",\"position\":1,\"name\":\"Strona g\u0142\u00f3wna\",\"item\":\"https:\/\/miedzierza.pl\/\"},{\"@type\":\"ListItem\",\"position\":2,\"name\":\"Echa audycji &#8222;Moc historii&#8221;\"}]},{\"@type\":\"WebSite\",\"@id\":\"https:\/\/miedzierza.pl\/#website\",\"url\":\"https:\/\/miedzierza.pl\/\",\"name\":\"Miedzierza wczoraj i dzi\u015b\",\"description\":\"\",\"potentialAction\":[{\"@type\":\"SearchAction\",\"target\":{\"@type\":\"EntryPoint\",\"urlTemplate\":\"https:\/\/miedzierza.pl\/?s={search_term_string}\"},\"query-input\":{\"@type\":\"PropertyValueSpecification\",\"valueRequired\":true,\"valueName\":\"search_term_string\"}}],\"inLanguage\":\"pl-PL\"},{\"@type\":\"Person\",\"@id\":\"https:\/\/miedzierza.pl\/#\/schema\/person\/bbbeffb3caa45b3b5d1bc29886fa1794\",\"name\":\"Katarzyna Ga\u0142a\",\"image\":{\"@type\":\"ImageObject\",\"inLanguage\":\"pl-PL\",\"@id\":\"https:\/\/miedzierza.pl\/#\/schema\/person\/image\/\",\"url\":\"https:\/\/secure.gravatar.com\/avatar\/c618cd0835801ffdc5f714f82cfa305c?s=96&d=mm&r=g\",\"contentUrl\":\"https:\/\/secure.gravatar.com\/avatar\/c618cd0835801ffdc5f714f82cfa305c?s=96&d=mm&r=g\",\"caption\":\"Katarzyna Ga\u0142a\"},\"sameAs\":[\"https:\/\/miedzierza.pl\"],\"url\":\"https:\/\/miedzierza.pl\/?author=1\"}]}<\/script>\n<!-- \/ Yoast SEO plugin. -->","yoast_head_json":{"title":"Echa audycji \"Moc historii\" - Miedzierza wczoraj i dzi\u015b","robots":{"index":"index","follow":"follow","max-snippet":"max-snippet:-1","max-image-preview":"max-image-preview:large","max-video-preview":"max-video-preview:-1"},"canonical":"https:\/\/miedzierza.pl\/?p=279","og_locale":"pl_PL","og_type":"article","og_title":"Echa audycji \"Moc historii\" - Miedzierza wczoraj i dzi\u015b","og_description":"W trakcie audycji &#8222;Moc historii&#8221; po\u015bwi\u0119conej Miedzierzy, wyemitowanej 20 lipca 2025 roku, doktor Cezary Jastrz\u0119bski wspomnia\u0142 o grobie g\u00f3rnik\u00f3w znajduj\u0105cym si\u0119 na cmentarzu w Miedzierzy. Autorka ksi\u0105\u017cki &#8222;Miedzierza wczoraj i dzi\u015b&#8221; dzi\u0119ki wsparciu Romana Cichackiego i Joanny Wydry zlokalizowa\u0142a po\u0142o\u017cenie tego nagrobka. Z danych metrykalnych wynika, g\u00f3rnicy zgin\u0119li 10 lutego [&hellip;]","og_url":"https:\/\/miedzierza.pl\/?p=279","og_site_name":"Miedzierza wczoraj i dzi\u015b","article_published_time":"2025-07-25T19:58:22+00:00","article_modified_time":"2025-07-26T17:03:06+00:00","og_image":[{"width":2560,"height":1928,"url":"https:\/\/miedzierza.pl\/wp-content\/uploads\/2025\/07\/PXL_20250721_112440346-scaled.jpg","type":"image\/jpeg"}],"author":"Katarzyna Ga\u0142a","twitter_card":"summary_large_image","twitter_misc":{"Napisane przez":"Katarzyna Ga\u0142a","Szacowany czas czytania":"2 minuty"},"schema":{"@context":"https:\/\/schema.org","@graph":[{"@type":"WebPage","@id":"https:\/\/miedzierza.pl\/?p=279","url":"https:\/\/miedzierza.pl\/?p=279","name":"Echa audycji \"Moc historii\" - Miedzierza wczoraj i dzi\u015b","isPartOf":{"@id":"https:\/\/miedzierza.pl\/#website"},"primaryImageOfPage":{"@id":"https:\/\/miedzierza.pl\/?p=279#primaryimage"},"image":{"@id":"https:\/\/miedzierza.pl\/?p=279#primaryimage"},"thumbnailUrl":"https:\/\/miedzierza.pl\/wp-content\/uploads\/2025\/07\/PXL_20250721_112440346-scaled.jpg","datePublished":"2025-07-25T19:58:22+00:00","dateModified":"2025-07-26T17:03:06+00:00","author":{"@id":"https:\/\/miedzierza.pl\/#\/schema\/person\/bbbeffb3caa45b3b5d1bc29886fa1794"},"breadcrumb":{"@id":"https:\/\/miedzierza.pl\/?p=279#breadcrumb"},"inLanguage":"pl-PL","potentialAction":[{"@type":"ReadAction","target":["https:\/\/miedzierza.pl\/?p=279"]}]},{"@type":"ImageObject","inLanguage":"pl-PL","@id":"https:\/\/miedzierza.pl\/?p=279#primaryimage","url":"https:\/\/miedzierza.pl\/wp-content\/uploads\/2025\/07\/PXL_20250721_112440346-scaled.jpg","contentUrl":"https:\/\/miedzierza.pl\/wp-content\/uploads\/2025\/07\/PXL_20250721_112440346-scaled.jpg","width":2560,"height":1928},{"@type":"BreadcrumbList","@id":"https:\/\/miedzierza.pl\/?p=279#breadcrumb","itemListElement":[{"@type":"ListItem","position":1,"name":"Strona g\u0142\u00f3wna","item":"https:\/\/miedzierza.pl\/"},{"@type":"ListItem","position":2,"name":"Echa audycji &#8222;Moc historii&#8221;"}]},{"@type":"WebSite","@id":"https:\/\/miedzierza.pl\/#website","url":"https:\/\/miedzierza.pl\/","name":"Miedzierza wczoraj i dzi\u015b","description":"","potentialAction":[{"@type":"SearchAction","target":{"@type":"EntryPoint","urlTemplate":"https:\/\/miedzierza.pl\/?s={search_term_string}"},"query-input":{"@type":"PropertyValueSpecification","valueRequired":true,"valueName":"search_term_string"}}],"inLanguage":"pl-PL"},{"@type":"Person","@id":"https:\/\/miedzierza.pl\/#\/schema\/person\/bbbeffb3caa45b3b5d1bc29886fa1794","name":"Katarzyna Ga\u0142a","image":{"@type":"ImageObject","inLanguage":"pl-PL","@id":"https:\/\/miedzierza.pl\/#\/schema\/person\/image\/","url":"https:\/\/secure.gravatar.com\/avatar\/c618cd0835801ffdc5f714f82cfa305c?s=96&d=mm&r=g","contentUrl":"https:\/\/secure.gravatar.com\/avatar\/c618cd0835801ffdc5f714f82cfa305c?s=96&d=mm&r=g","caption":"Katarzyna Ga\u0142a"},"sameAs":["https:\/\/miedzierza.pl"],"url":"https:\/\/miedzierza.pl\/?author=1"}]}},"blog_post_layout_featured_media_urls":{"thumbnail":["https:\/\/miedzierza.pl\/wp-content\/uploads\/2025\/07\/PXL_20250721_112440346-150x150.jpg",150,150,true],"full":["https:\/\/miedzierza.pl\/wp-content\/uploads\/2025\/07\/PXL_20250721_112440346-scaled.jpg",2560,1928,false]},"categories_names":{"6":{"name":"Media","link":"https:\/\/miedzierza.pl\/?cat=6"}},"tags_names":[],"comments_number":"0","_links":{"self":[{"href":"https:\/\/miedzierza.pl\/index.php?rest_route=\/wp\/v2\/posts\/279","targetHints":{"allow":["GET"]}}],"collection":[{"href":"https:\/\/miedzierza.pl\/index.php?rest_route=\/wp\/v2\/posts"}],"about":[{"href":"https:\/\/miedzierza.pl\/index.php?rest_route=\/wp\/v2\/types\/post"}],"author":[{"embeddable":true,"href":"https:\/\/miedzierza.pl\/index.php?rest_route=\/wp\/v2\/users\/1"}],"replies":[{"embeddable":true,"href":"https:\/\/miedzierza.pl\/index.php?rest_route=%2Fwp%2Fv2%2Fcomments&post=279"}],"version-history":[{"count":2,"href":"https:\/\/miedzierza.pl\/index.php?rest_route=\/wp\/v2\/posts\/279\/revisions"}],"predecessor-version":[{"id":289,"href":"https:\/\/miedzierza.pl\/index.php?rest_route=\/wp\/v2\/posts\/279\/revisions\/289"}],"wp:featuredmedia":[{"embeddable":true,"href":"https:\/\/miedzierza.pl\/index.php?rest_route=\/wp\/v2\/media\/282"}],"wp:attachment":[{"href":"https:\/\/miedzierza.pl\/index.php?rest_route=%2Fwp%2Fv2%2Fmedia&parent=279"}],"wp:term":[{"taxonomy":"category","embeddable":true,"href":"https:\/\/miedzierza.pl\/index.php?rest_route=%2Fwp%2Fv2%2Fcategories&post=279"},{"taxonomy":"post_tag","embeddable":true,"href":"https:\/\/miedzierza.pl\/index.php?rest_route=%2Fwp%2Fv2%2Ftags&post=279"}],"curies":[{"name":"wp","href":"https:\/\/api.w.org\/{rel}","templated":true}]}}