{"id":297,"date":"2025-07-29T07:48:43","date_gmt":"2025-07-29T07:48:43","guid":{"rendered":"https:\/\/miedzierza.pl\/?p=297"},"modified":"2025-07-29T07:48:43","modified_gmt":"2025-07-29T07:48:43","slug":"zdjecie","status":"publish","type":"post","link":"https:\/\/miedzierza.pl\/?p=297","title":{"rendered":"Zdj\u0119cie"},"content":{"rendered":"\n<p>Zdj\u0119cie pacyfikacji Kr\u00f3lewca z 7 kwietnia 1940 roku, prezentowane przeze mnie na prelekcji 26 lipca pochodzi z prywatnych zbior\u00f3w Pana Patryka Wi\u0119c\u0142awa.<\/p>\n\n\n\n<p><\/p>\n","protected":false},"excerpt":{"rendered":"<p>Zdj\u0119cie pacyfikacji Kr\u00f3lewca z 7 kwietnia 1940 roku, prezentowane przeze mnie na prelekcji 26 lipca pochodzi z prywatnych zbior\u00f3w Pana Patryka Wi\u0119c\u0142awa.<\/p>\n","protected":false},"author":1,"featured_media":0,"comment_status":"open","ping_status":"open","sticky":false,"template":"","format":"standard","meta":{"footnotes":""},"categories":[3],"tags":[],"class_list":["post-297","post","type-post","status-publish","format-standard","hentry","category-zrodla"],"yoast_head":"<!-- This site is optimized with the Yoast SEO plugin v24.7 - https:\/\/yoast.com\/wordpress\/plugins\/seo\/ -->\n<title>Zdj\u0119cie - Miedzierza wczoraj i dzi\u015b<\/title>\n<meta name=\"robots\" content=\"index, follow, max-snippet:-1, max-image-preview:large, max-video-preview:-1\" \/>\n<link rel=\"canonical\" href=\"https:\/\/miedzierza.pl\/?p=297\" \/>\n<meta property=\"og:locale\" content=\"pl_PL\" \/>\n<meta property=\"og:type\" content=\"article\" \/>\n<meta property=\"og:title\" content=\"Zdj\u0119cie - Miedzierza wczoraj i dzi\u015b\" \/>\n<meta property=\"og:description\" content=\"Zdj\u0119cie pacyfikacji Kr\u00f3lewca z 7 kwietnia 1940 roku, prezentowane przeze mnie na prelekcji 26 lipca pochodzi z prywatnych zbior\u00f3w Pana Patryka Wi\u0119c\u0142awa.\" \/>\n<meta property=\"og:url\" content=\"https:\/\/miedzierza.pl\/?p=297\" \/>\n<meta property=\"og:site_name\" content=\"Miedzierza wczoraj i dzi\u015b\" \/>\n<meta property=\"article:published_time\" content=\"2025-07-29T07:48:43+00:00\" \/>\n<meta name=\"author\" content=\"Katarzyna Ga\u0142a\" \/>\n<meta name=\"twitter:card\" content=\"summary_large_image\" \/>\n<meta name=\"twitter:label1\" content=\"Napisane przez\" \/>\n\t<meta name=\"twitter:data1\" content=\"Katarzyna Ga\u0142a\" \/>\n\t<meta name=\"twitter:label2\" content=\"Szacowany czas czytania\" \/>\n\t<meta name=\"twitter:data2\" content=\"1 minuta\" \/>\n<script type=\"application\/ld+json\" class=\"yoast-schema-graph\">{\"@context\":\"https:\/\/schema.org\",\"@graph\":[{\"@type\":\"WebPage\",\"@id\":\"https:\/\/miedzierza.pl\/?p=297\",\"url\":\"https:\/\/miedzierza.pl\/?p=297\",\"name\":\"Zdj\u0119cie - Miedzierza wczoraj i dzi\u015b\",\"isPartOf\":{\"@id\":\"https:\/\/miedzierza.pl\/#website\"},\"datePublished\":\"2025-07-29T07:48:43+00:00\",\"author\":{\"@id\":\"https:\/\/miedzierza.pl\/#\/schema\/person\/bbbeffb3caa45b3b5d1bc29886fa1794\"},\"breadcrumb\":{\"@id\":\"https:\/\/miedzierza.pl\/?p=297#breadcrumb\"},\"inLanguage\":\"pl-PL\",\"potentialAction\":[{\"@type\":\"ReadAction\",\"target\":[\"https:\/\/miedzierza.pl\/?p=297\"]}]},{\"@type\":\"BreadcrumbList\",\"@id\":\"https:\/\/miedzierza.pl\/?p=297#breadcrumb\",\"itemListElement\":[{\"@type\":\"ListItem\",\"position\":1,\"name\":\"Strona g\u0142\u00f3wna\",\"item\":\"https:\/\/miedzierza.pl\/\"},{\"@type\":\"ListItem\",\"position\":2,\"name\":\"Zdj\u0119cie\"}]},{\"@type\":\"WebSite\",\"@id\":\"https:\/\/miedzierza.pl\/#website\",\"url\":\"https:\/\/miedzierza.pl\/\",\"name\":\"Miedzierza wczoraj i dzi\u015b\",\"description\":\"\",\"potentialAction\":[{\"@type\":\"SearchAction\",\"target\":{\"@type\":\"EntryPoint\",\"urlTemplate\":\"https:\/\/miedzierza.pl\/?s={search_term_string}\"},\"query-input\":{\"@type\":\"PropertyValueSpecification\",\"valueRequired\":true,\"valueName\":\"search_term_string\"}}],\"inLanguage\":\"pl-PL\"},{\"@type\":\"Person\",\"@id\":\"https:\/\/miedzierza.pl\/#\/schema\/person\/bbbeffb3caa45b3b5d1bc29886fa1794\",\"name\":\"Katarzyna Ga\u0142a\",\"image\":{\"@type\":\"ImageObject\",\"inLanguage\":\"pl-PL\",\"@id\":\"https:\/\/miedzierza.pl\/#\/schema\/person\/image\/\",\"url\":\"https:\/\/secure.gravatar.com\/avatar\/c618cd0835801ffdc5f714f82cfa305c?s=96&d=mm&r=g\",\"contentUrl\":\"https:\/\/secure.gravatar.com\/avatar\/c618cd0835801ffdc5f714f82cfa305c?s=96&d=mm&r=g\",\"caption\":\"Katarzyna Ga\u0142a\"},\"sameAs\":[\"https:\/\/miedzierza.pl\"],\"url\":\"https:\/\/miedzierza.pl\/?author=1\"}]}<\/script>\n<!-- \/ Yoast SEO plugin. -->","yoast_head_json":{"title":"Zdj\u0119cie - Miedzierza wczoraj i dzi\u015b","robots":{"index":"index","follow":"follow","max-snippet":"max-snippet:-1","max-image-preview":"max-image-preview:large","max-video-preview":"max-video-preview:-1"},"canonical":"https:\/\/miedzierza.pl\/?p=297","og_locale":"pl_PL","og_type":"article","og_title":"Zdj\u0119cie - Miedzierza wczoraj i dzi\u015b","og_description":"Zdj\u0119cie pacyfikacji Kr\u00f3lewca z 7 kwietnia 1940 roku, prezentowane przeze mnie na prelekcji 26 lipca pochodzi z prywatnych zbior\u00f3w Pana Patryka Wi\u0119c\u0142awa.","og_url":"https:\/\/miedzierza.pl\/?p=297","og_site_name":"Miedzierza wczoraj i dzi\u015b","article_published_time":"2025-07-29T07:48:43+00:00","author":"Katarzyna Ga\u0142a","twitter_card":"summary_large_image","twitter_misc":{"Napisane przez":"Katarzyna Ga\u0142a","Szacowany czas czytania":"1 minuta"},"schema":{"@context":"https:\/\/schema.org","@graph":[{"@type":"WebPage","@id":"https:\/\/miedzierza.pl\/?p=297","url":"https:\/\/miedzierza.pl\/?p=297","name":"Zdj\u0119cie - Miedzierza wczoraj i dzi\u015b","isPartOf":{"@id":"https:\/\/miedzierza.pl\/#website"},"datePublished":"2025-07-29T07:48:43+00:00","author":{"@id":"https:\/\/miedzierza.pl\/#\/schema\/person\/bbbeffb3caa45b3b5d1bc29886fa1794"},"breadcrumb":{"@id":"https:\/\/miedzierza.pl\/?p=297#breadcrumb"},"inLanguage":"pl-PL","potentialAction":[{"@type":"ReadAction","target":["https:\/\/miedzierza.pl\/?p=297"]}]},{"@type":"BreadcrumbList","@id":"https:\/\/miedzierza.pl\/?p=297#breadcrumb","itemListElement":[{"@type":"ListItem","position":1,"name":"Strona g\u0142\u00f3wna","item":"https:\/\/miedzierza.pl\/"},{"@type":"ListItem","position":2,"name":"Zdj\u0119cie"}]},{"@type":"WebSite","@id":"https:\/\/miedzierza.pl\/#website","url":"https:\/\/miedzierza.pl\/","name":"Miedzierza wczoraj i dzi\u015b","description":"","potentialAction":[{"@type":"SearchAction","target":{"@type":"EntryPoint","urlTemplate":"https:\/\/miedzierza.pl\/?s={search_term_string}"},"query-input":{"@type":"PropertyValueSpecification","valueRequired":true,"valueName":"search_term_string"}}],"inLanguage":"pl-PL"},{"@type":"Person","@id":"https:\/\/miedzierza.pl\/#\/schema\/person\/bbbeffb3caa45b3b5d1bc29886fa1794","name":"Katarzyna Ga\u0142a","image":{"@type":"ImageObject","inLanguage":"pl-PL","@id":"https:\/\/miedzierza.pl\/#\/schema\/person\/image\/","url":"https:\/\/secure.gravatar.com\/avatar\/c618cd0835801ffdc5f714f82cfa305c?s=96&d=mm&r=g","contentUrl":"https:\/\/secure.gravatar.com\/avatar\/c618cd0835801ffdc5f714f82cfa305c?s=96&d=mm&r=g","caption":"Katarzyna Ga\u0142a"},"sameAs":["https:\/\/miedzierza.pl"],"url":"https:\/\/miedzierza.pl\/?author=1"}]}},"blog_post_layout_featured_media_urls":{"thumbnail":"","full":""},"categories_names":{"3":{"name":"\u0179r\u00f3d\u0142a","link":"https:\/\/miedzierza.pl\/?cat=3"}},"tags_names":[],"comments_number":"0","_links":{"self":[{"href":"https:\/\/miedzierza.pl\/index.php?rest_route=\/wp\/v2\/posts\/297","targetHints":{"allow":["GET"]}}],"collection":[{"href":"https:\/\/miedzierza.pl\/index.php?rest_route=\/wp\/v2\/posts"}],"about":[{"href":"https:\/\/miedzierza.pl\/index.php?rest_route=\/wp\/v2\/types\/post"}],"author":[{"embeddable":true,"href":"https:\/\/miedzierza.pl\/index.php?rest_route=\/wp\/v2\/users\/1"}],"replies":[{"embeddable":true,"href":"https:\/\/miedzierza.pl\/index.php?rest_route=%2Fwp%2Fv2%2Fcomments&post=297"}],"version-history":[{"count":1,"href":"https:\/\/miedzierza.pl\/index.php?rest_route=\/wp\/v2\/posts\/297\/revisions"}],"predecessor-version":[{"id":298,"href":"https:\/\/miedzierza.pl\/index.php?rest_route=\/wp\/v2\/posts\/297\/revisions\/298"}],"wp:attachment":[{"href":"https:\/\/miedzierza.pl\/index.php?rest_route=%2Fwp%2Fv2%2Fmedia&parent=297"}],"wp:term":[{"taxonomy":"category","embeddable":true,"href":"https:\/\/miedzierza.pl\/index.php?rest_route=%2Fwp%2Fv2%2Fcategories&post=297"},{"taxonomy":"post_tag","embeddable":true,"href":"https:\/\/miedzierza.pl\/index.php?rest_route=%2Fwp%2Fv2%2Ftags&post=297"}],"curies":[{"name":"wp","href":"https:\/\/api.w.org\/{rel}","templated":true}]}}