{"id":324,"date":"2026-04-24T19:17:22","date_gmt":"2026-04-24T19:17:22","guid":{"rendered":"https:\/\/miedzierza.pl\/?p=324"},"modified":"2026-04-24T19:19:27","modified_gmt":"2026-04-24T19:19:27","slug":"v-swietokrzyskie-dni-ksiazki-historycznej","status":"publish","type":"post","link":"https:\/\/miedzierza.pl\/?p=324","title":{"rendered":"V \u015awi\u0119tokrzyskie Dni Ksi\u0105\u017cki Historycznej"},"content":{"rendered":"\n<p>24 kwietnia 2026 r. w Wojew\u00f3dzkiej Bibliotece Publicznej w Kielcach mia\u0142am mo\u017cliwo\u015b\u0107 zaprezentowania mojej ksi\u0105\u017cki: \u201eMiedzierza wczoraj i dzi\u015b\u201d na V \u015awi\u0119tokrzyskich Dniach Ksi\u0105\u017cki Historycznej. W swoim wyst\u0105pieniu opowiedzia\u0142am o historii Miedzierzy oraz o tym, jak powsta\u0142a ksi\u0105\u017cka. Stara\u0142am si\u0119 przekona\u0107 s\u0142uchaczy, \u017ce to co dzia\u0142o si\u0119 w tej stosunkowo niewielkiej miejscowo\u015bci, doskonale wpisuje si\u0119 w histori\u0119 regionu, a nawet w histori\u0119 Polski. Wyrazi\u0142am przekonanie, \u017ce ta \u201ema\u0142a historia\u201d pozwala poj\u0105\u0107 t\u0105 \u201edu\u017c\u0105\u201d. Wskaza\u0142am na olbrzymi potencja\u0142, jaki tkwi w historii regionalnej. U\u0142atwia ona bowiem zrozumienie r\u00f3\u017cnych wydarze\u0144 i proces\u00f3w historycznych, a co wi\u0119cej potrafi wzbudzi\u0107 olbrzymie emocje, gdy\u017c opowiada o tym, co jest nam bliskie i drogie.<\/p>\n\n\n\n<p>Serdecznie dzi\u0119kuj\u0119 organizatorom V \u015awi\u0119tokrzyskich Dni Ksi\u0105\u017cki Historycznej: Wojew\u00f3dzkiej Bibliotece Publicznej im. Witolda Gombrowicza w Kielcach oraz Towarzystwu Przyjaci\u00f3\u0142 Kielc za zaproszenie na to wydarzenie i za mo\u017cliwo\u015b\u0107 zaprezentowania mojej ksi\u0105\u017cki.<br><br><\/p>\n\n\n\n<figure class=\"wp-block-image size-large\"><img loading=\"lazy\" decoding=\"async\" width=\"769\" height=\"1024\" src=\"https:\/\/miedzierza.pl\/wp-content\/uploads\/2026\/04\/678672d8-c747-4907-ba18-2a0e8deaa60f-769x1024.jpg\" alt=\"\" class=\"wp-image-325\" srcset=\"https:\/\/miedzierza.pl\/wp-content\/uploads\/2026\/04\/678672d8-c747-4907-ba18-2a0e8deaa60f-769x1024.jpg 769w, https:\/\/miedzierza.pl\/wp-content\/uploads\/2026\/04\/678672d8-c747-4907-ba18-2a0e8deaa60f-225x300.jpg 225w, https:\/\/miedzierza.pl\/wp-content\/uploads\/2026\/04\/678672d8-c747-4907-ba18-2a0e8deaa60f-768x1023.jpg 768w, https:\/\/miedzierza.pl\/wp-content\/uploads\/2026\/04\/678672d8-c747-4907-ba18-2a0e8deaa60f-1153x1536.jpg 1153w, https:\/\/miedzierza.pl\/wp-content\/uploads\/2026\/04\/678672d8-c747-4907-ba18-2a0e8deaa60f-1538x2048.jpg 1538w, https:\/\/miedzierza.pl\/wp-content\/uploads\/2026\/04\/678672d8-c747-4907-ba18-2a0e8deaa60f.jpg 1736w\" sizes=\"auto, (max-width: 769px) 100vw, 769px\" \/><\/figure>\n\n\n\n<hr class=\"wp-block-separator has-alpha-channel-opacity\"\/>\n\n\n\n<figure class=\"wp-block-image size-large\"><img loading=\"lazy\" decoding=\"async\" width=\"769\" height=\"1024\" src=\"https:\/\/miedzierza.pl\/wp-content\/uploads\/2026\/04\/9f59eea4-5a4e-4bbb-9dcf-f5185efdd491-769x1024.jpg\" alt=\"\" class=\"wp-image-327\" srcset=\"https:\/\/miedzierza.pl\/wp-content\/uploads\/2026\/04\/9f59eea4-5a4e-4bbb-9dcf-f5185efdd491-769x1024.jpg 769w, https:\/\/miedzierza.pl\/wp-content\/uploads\/2026\/04\/9f59eea4-5a4e-4bbb-9dcf-f5185efdd491-225x300.jpg 225w, https:\/\/miedzierza.pl\/wp-content\/uploads\/2026\/04\/9f59eea4-5a4e-4bbb-9dcf-f5185efdd491-768x1023.jpg 768w, https:\/\/miedzierza.pl\/wp-content\/uploads\/2026\/04\/9f59eea4-5a4e-4bbb-9dcf-f5185efdd491-1154x1536.jpg 1154w, https:\/\/miedzierza.pl\/wp-content\/uploads\/2026\/04\/9f59eea4-5a4e-4bbb-9dcf-f5185efdd491.jpg 1538w\" sizes=\"auto, (max-width: 769px) 100vw, 769px\" \/><\/figure>\n","protected":false},"excerpt":{"rendered":"<p>24 kwietnia 2026 r. w Wojew\u00f3dzkiej Bibliotece Publicznej w Kielcach mia\u0142am mo\u017cliwo\u015b\u0107 zaprezentowania mojej ksi\u0105\u017cki: \u201eMiedzierza wczoraj i dzi\u015b\u201d na V \u015awi\u0119tokrzyskich Dniach Ksi\u0105\u017cki Historycznej. W swoim wyst\u0105pieniu opowiedzia\u0142am o historii Miedzierzy oraz o tym, jak powsta\u0142a ksi\u0105\u017cka. Stara\u0142am si\u0119 przekona\u0107 s\u0142uchaczy, \u017ce to co dzia\u0142o si\u0119 w tej stosunkowo [&hellip;]<\/p>\n","protected":false},"author":1,"featured_media":327,"comment_status":"open","ping_status":"open","sticky":false,"template":"","format":"standard","meta":{"footnotes":""},"categories":[7],"tags":[],"class_list":["post-324","post","type-post","status-publish","format-standard","has-post-thumbnail","hentry","category-wydarzenia"],"yoast_head":"<!-- This site is optimized with the Yoast SEO plugin v24.7 - https:\/\/yoast.com\/wordpress\/plugins\/seo\/ -->\n<title>V \u015awi\u0119tokrzyskie Dni Ksi\u0105\u017cki Historycznej - Miedzierza wczoraj i dzi\u015b<\/title>\n<meta name=\"robots\" content=\"index, follow, max-snippet:-1, max-image-preview:large, max-video-preview:-1\" \/>\n<link rel=\"canonical\" href=\"https:\/\/miedzierza.pl\/?p=324\" \/>\n<meta property=\"og:locale\" content=\"pl_PL\" \/>\n<meta property=\"og:type\" content=\"article\" \/>\n<meta property=\"og:title\" content=\"V \u015awi\u0119tokrzyskie Dni Ksi\u0105\u017cki Historycznej - Miedzierza wczoraj i dzi\u015b\" \/>\n<meta property=\"og:description\" content=\"24 kwietnia 2026 r. w Wojew\u00f3dzkiej Bibliotece Publicznej w Kielcach mia\u0142am mo\u017cliwo\u015b\u0107 zaprezentowania mojej ksi\u0105\u017cki: \u201eMiedzierza wczoraj i dzi\u015b\u201d na V \u015awi\u0119tokrzyskich Dniach Ksi\u0105\u017cki Historycznej. W swoim wyst\u0105pieniu opowiedzia\u0142am o historii Miedzierzy oraz o tym, jak powsta\u0142a ksi\u0105\u017cka. Stara\u0142am si\u0119 przekona\u0107 s\u0142uchaczy, \u017ce to co dzia\u0142o si\u0119 w tej stosunkowo [&hellip;]\" \/>\n<meta property=\"og:url\" content=\"https:\/\/miedzierza.pl\/?p=324\" \/>\n<meta property=\"og:site_name\" content=\"Miedzierza wczoraj i dzi\u015b\" \/>\n<meta property=\"article:published_time\" content=\"2026-04-24T19:17:22+00:00\" \/>\n<meta property=\"article:modified_time\" content=\"2026-04-24T19:19:27+00:00\" \/>\n<meta property=\"og:image\" content=\"https:\/\/miedzierza.pl\/wp-content\/uploads\/2026\/04\/9f59eea4-5a4e-4bbb-9dcf-f5185efdd491.jpg\" \/>\n\t<meta property=\"og:image:width\" content=\"1538\" \/>\n\t<meta property=\"og:image:height\" content=\"2048\" \/>\n\t<meta property=\"og:image:type\" content=\"image\/jpeg\" \/>\n<meta name=\"author\" content=\"Katarzyna Ga\u0142a\" \/>\n<meta name=\"twitter:card\" content=\"summary_large_image\" \/>\n<meta name=\"twitter:label1\" content=\"Napisane przez\" \/>\n\t<meta name=\"twitter:data1\" content=\"Katarzyna Ga\u0142a\" \/>\n\t<meta name=\"twitter:label2\" content=\"Szacowany czas czytania\" \/>\n\t<meta name=\"twitter:data2\" content=\"2 minuty\" \/>\n<script type=\"application\/ld+json\" class=\"yoast-schema-graph\">{\"@context\":\"https:\/\/schema.org\",\"@graph\":[{\"@type\":\"WebPage\",\"@id\":\"https:\/\/miedzierza.pl\/?p=324\",\"url\":\"https:\/\/miedzierza.pl\/?p=324\",\"name\":\"V \u015awi\u0119tokrzyskie Dni Ksi\u0105\u017cki Historycznej - Miedzierza wczoraj i dzi\u015b\",\"isPartOf\":{\"@id\":\"https:\/\/miedzierza.pl\/#website\"},\"primaryImageOfPage\":{\"@id\":\"https:\/\/miedzierza.pl\/?p=324#primaryimage\"},\"image\":{\"@id\":\"https:\/\/miedzierza.pl\/?p=324#primaryimage\"},\"thumbnailUrl\":\"https:\/\/miedzierza.pl\/wp-content\/uploads\/2026\/04\/9f59eea4-5a4e-4bbb-9dcf-f5185efdd491.jpg\",\"datePublished\":\"2026-04-24T19:17:22+00:00\",\"dateModified\":\"2026-04-24T19:19:27+00:00\",\"author\":{\"@id\":\"https:\/\/miedzierza.pl\/#\/schema\/person\/bbbeffb3caa45b3b5d1bc29886fa1794\"},\"breadcrumb\":{\"@id\":\"https:\/\/miedzierza.pl\/?p=324#breadcrumb\"},\"inLanguage\":\"pl-PL\",\"potentialAction\":[{\"@type\":\"ReadAction\",\"target\":[\"https:\/\/miedzierza.pl\/?p=324\"]}]},{\"@type\":\"ImageObject\",\"inLanguage\":\"pl-PL\",\"@id\":\"https:\/\/miedzierza.pl\/?p=324#primaryimage\",\"url\":\"https:\/\/miedzierza.pl\/wp-content\/uploads\/2026\/04\/9f59eea4-5a4e-4bbb-9dcf-f5185efdd491.jpg\",\"contentUrl\":\"https:\/\/miedzierza.pl\/wp-content\/uploads\/2026\/04\/9f59eea4-5a4e-4bbb-9dcf-f5185efdd491.jpg\",\"width\":1538,\"height\":2048},{\"@type\":\"BreadcrumbList\",\"@id\":\"https:\/\/miedzierza.pl\/?p=324#breadcrumb\",\"itemListElement\":[{\"@type\":\"ListItem\",\"position\":1,\"name\":\"Strona g\u0142\u00f3wna\",\"item\":\"https:\/\/miedzierza.pl\/\"},{\"@type\":\"ListItem\",\"position\":2,\"name\":\"V \u015awi\u0119tokrzyskie Dni Ksi\u0105\u017cki Historycznej\"}]},{\"@type\":\"WebSite\",\"@id\":\"https:\/\/miedzierza.pl\/#website\",\"url\":\"https:\/\/miedzierza.pl\/\",\"name\":\"Miedzierza wczoraj i dzi\u015b\",\"description\":\"\",\"potentialAction\":[{\"@type\":\"SearchAction\",\"target\":{\"@type\":\"EntryPoint\",\"urlTemplate\":\"https:\/\/miedzierza.pl\/?s={search_term_string}\"},\"query-input\":{\"@type\":\"PropertyValueSpecification\",\"valueRequired\":true,\"valueName\":\"search_term_string\"}}],\"inLanguage\":\"pl-PL\"},{\"@type\":\"Person\",\"@id\":\"https:\/\/miedzierza.pl\/#\/schema\/person\/bbbeffb3caa45b3b5d1bc29886fa1794\",\"name\":\"Katarzyna Ga\u0142a\",\"image\":{\"@type\":\"ImageObject\",\"inLanguage\":\"pl-PL\",\"@id\":\"https:\/\/miedzierza.pl\/#\/schema\/person\/image\/\",\"url\":\"https:\/\/secure.gravatar.com\/avatar\/c618cd0835801ffdc5f714f82cfa305c?s=96&d=mm&r=g\",\"contentUrl\":\"https:\/\/secure.gravatar.com\/avatar\/c618cd0835801ffdc5f714f82cfa305c?s=96&d=mm&r=g\",\"caption\":\"Katarzyna Ga\u0142a\"},\"sameAs\":[\"https:\/\/miedzierza.pl\"],\"url\":\"https:\/\/miedzierza.pl\/?author=1\"}]}<\/script>\n<!-- \/ Yoast SEO plugin. -->","yoast_head_json":{"title":"V \u015awi\u0119tokrzyskie Dni Ksi\u0105\u017cki Historycznej - Miedzierza wczoraj i dzi\u015b","robots":{"index":"index","follow":"follow","max-snippet":"max-snippet:-1","max-image-preview":"max-image-preview:large","max-video-preview":"max-video-preview:-1"},"canonical":"https:\/\/miedzierza.pl\/?p=324","og_locale":"pl_PL","og_type":"article","og_title":"V \u015awi\u0119tokrzyskie Dni Ksi\u0105\u017cki Historycznej - Miedzierza wczoraj i dzi\u015b","og_description":"24 kwietnia 2026 r. w Wojew\u00f3dzkiej Bibliotece Publicznej w Kielcach mia\u0142am mo\u017cliwo\u015b\u0107 zaprezentowania mojej ksi\u0105\u017cki: \u201eMiedzierza wczoraj i dzi\u015b\u201d na V \u015awi\u0119tokrzyskich Dniach Ksi\u0105\u017cki Historycznej. W swoim wyst\u0105pieniu opowiedzia\u0142am o historii Miedzierzy oraz o tym, jak powsta\u0142a ksi\u0105\u017cka. Stara\u0142am si\u0119 przekona\u0107 s\u0142uchaczy, \u017ce to co dzia\u0142o si\u0119 w tej stosunkowo [&hellip;]","og_url":"https:\/\/miedzierza.pl\/?p=324","og_site_name":"Miedzierza wczoraj i dzi\u015b","article_published_time":"2026-04-24T19:17:22+00:00","article_modified_time":"2026-04-24T19:19:27+00:00","og_image":[{"width":1538,"height":2048,"url":"https:\/\/miedzierza.pl\/wp-content\/uploads\/2026\/04\/9f59eea4-5a4e-4bbb-9dcf-f5185efdd491.jpg","type":"image\/jpeg"}],"author":"Katarzyna Ga\u0142a","twitter_card":"summary_large_image","twitter_misc":{"Napisane przez":"Katarzyna Ga\u0142a","Szacowany czas czytania":"2 minuty"},"schema":{"@context":"https:\/\/schema.org","@graph":[{"@type":"WebPage","@id":"https:\/\/miedzierza.pl\/?p=324","url":"https:\/\/miedzierza.pl\/?p=324","name":"V \u015awi\u0119tokrzyskie Dni Ksi\u0105\u017cki Historycznej - Miedzierza wczoraj i dzi\u015b","isPartOf":{"@id":"https:\/\/miedzierza.pl\/#website"},"primaryImageOfPage":{"@id":"https:\/\/miedzierza.pl\/?p=324#primaryimage"},"image":{"@id":"https:\/\/miedzierza.pl\/?p=324#primaryimage"},"thumbnailUrl":"https:\/\/miedzierza.pl\/wp-content\/uploads\/2026\/04\/9f59eea4-5a4e-4bbb-9dcf-f5185efdd491.jpg","datePublished":"2026-04-24T19:17:22+00:00","dateModified":"2026-04-24T19:19:27+00:00","author":{"@id":"https:\/\/miedzierza.pl\/#\/schema\/person\/bbbeffb3caa45b3b5d1bc29886fa1794"},"breadcrumb":{"@id":"https:\/\/miedzierza.pl\/?p=324#breadcrumb"},"inLanguage":"pl-PL","potentialAction":[{"@type":"ReadAction","target":["https:\/\/miedzierza.pl\/?p=324"]}]},{"@type":"ImageObject","inLanguage":"pl-PL","@id":"https:\/\/miedzierza.pl\/?p=324#primaryimage","url":"https:\/\/miedzierza.pl\/wp-content\/uploads\/2026\/04\/9f59eea4-5a4e-4bbb-9dcf-f5185efdd491.jpg","contentUrl":"https:\/\/miedzierza.pl\/wp-content\/uploads\/2026\/04\/9f59eea4-5a4e-4bbb-9dcf-f5185efdd491.jpg","width":1538,"height":2048},{"@type":"BreadcrumbList","@id":"https:\/\/miedzierza.pl\/?p=324#breadcrumb","itemListElement":[{"@type":"ListItem","position":1,"name":"Strona g\u0142\u00f3wna","item":"https:\/\/miedzierza.pl\/"},{"@type":"ListItem","position":2,"name":"V \u015awi\u0119tokrzyskie Dni Ksi\u0105\u017cki Historycznej"}]},{"@type":"WebSite","@id":"https:\/\/miedzierza.pl\/#website","url":"https:\/\/miedzierza.pl\/","name":"Miedzierza wczoraj i dzi\u015b","description":"","potentialAction":[{"@type":"SearchAction","target":{"@type":"EntryPoint","urlTemplate":"https:\/\/miedzierza.pl\/?s={search_term_string}"},"query-input":{"@type":"PropertyValueSpecification","valueRequired":true,"valueName":"search_term_string"}}],"inLanguage":"pl-PL"},{"@type":"Person","@id":"https:\/\/miedzierza.pl\/#\/schema\/person\/bbbeffb3caa45b3b5d1bc29886fa1794","name":"Katarzyna Ga\u0142a","image":{"@type":"ImageObject","inLanguage":"pl-PL","@id":"https:\/\/miedzierza.pl\/#\/schema\/person\/image\/","url":"https:\/\/secure.gravatar.com\/avatar\/c618cd0835801ffdc5f714f82cfa305c?s=96&d=mm&r=g","contentUrl":"https:\/\/secure.gravatar.com\/avatar\/c618cd0835801ffdc5f714f82cfa305c?s=96&d=mm&r=g","caption":"Katarzyna Ga\u0142a"},"sameAs":["https:\/\/miedzierza.pl"],"url":"https:\/\/miedzierza.pl\/?author=1"}]}},"blog_post_layout_featured_media_urls":{"thumbnail":["https:\/\/miedzierza.pl\/wp-content\/uploads\/2026\/04\/9f59eea4-5a4e-4bbb-9dcf-f5185efdd491-150x150.jpg",150,150,true],"full":["https:\/\/miedzierza.pl\/wp-content\/uploads\/2026\/04\/9f59eea4-5a4e-4bbb-9dcf-f5185efdd491.jpg",1538,2048,false]},"categories_names":{"7":{"name":"Wydarzenia","link":"https:\/\/miedzierza.pl\/?cat=7"}},"tags_names":[],"comments_number":"0","_links":{"self":[{"href":"https:\/\/miedzierza.pl\/index.php?rest_route=\/wp\/v2\/posts\/324","targetHints":{"allow":["GET"]}}],"collection":[{"href":"https:\/\/miedzierza.pl\/index.php?rest_route=\/wp\/v2\/posts"}],"about":[{"href":"https:\/\/miedzierza.pl\/index.php?rest_route=\/wp\/v2\/types\/post"}],"author":[{"embeddable":true,"href":"https:\/\/miedzierza.pl\/index.php?rest_route=\/wp\/v2\/users\/1"}],"replies":[{"embeddable":true,"href":"https:\/\/miedzierza.pl\/index.php?rest_route=%2Fwp%2Fv2%2Fcomments&post=324"}],"version-history":[{"count":2,"href":"https:\/\/miedzierza.pl\/index.php?rest_route=\/wp\/v2\/posts\/324\/revisions"}],"predecessor-version":[{"id":329,"href":"https:\/\/miedzierza.pl\/index.php?rest_route=\/wp\/v2\/posts\/324\/revisions\/329"}],"wp:featuredmedia":[{"embeddable":true,"href":"https:\/\/miedzierza.pl\/index.php?rest_route=\/wp\/v2\/media\/327"}],"wp:attachment":[{"href":"https:\/\/miedzierza.pl\/index.php?rest_route=%2Fwp%2Fv2%2Fmedia&parent=324"}],"wp:term":[{"taxonomy":"category","embeddable":true,"href":"https:\/\/miedzierza.pl\/index.php?rest_route=%2Fwp%2Fv2%2Fcategories&post=324"},{"taxonomy":"post_tag","embeddable":true,"href":"https:\/\/miedzierza.pl\/index.php?rest_route=%2Fwp%2Fv2%2Ftags&post=324"}],"curies":[{"name":"wp","href":"https:\/\/api.w.org\/{rel}","templated":true}]}}