{"id":330,"date":"2026-04-26T08:57:09","date_gmt":"2026-04-26T08:57:09","guid":{"rendered":"https:\/\/miedzierza.pl\/?p=330"},"modified":"2026-04-26T08:57:10","modified_gmt":"2026-04-26T08:57:10","slug":"miedzierska-genealogia","status":"publish","type":"post","link":"https:\/\/miedzierza.pl\/?p=330","title":{"rendered":"Miedzierska genealogia"},"content":{"rendered":"\n<p>Na pomys\u0142 napisania ksi\u0105\u017cki o Miedzierzy wpad\u0142am podczas zbierania materia\u0142\u00f3w do drzewa genealogicznego mojej rodziny, kt\u00f3re od strony taty ukorzenione jest w\u0142a\u015bnie w tej miejscowo\u015bci i okolicach. W aneksie publikacji \u201eMiedzierza wczoraj i dzi\u015b\u201d znajduje si\u0119 poradnik dotycz\u0105cy poszukiwania przodk\u00f3w. Pisz\u0105c go opiera\u0142am si\u0119 na w\u0142asnych do\u015bwiadczeniach zebranych podczas wieloletnich bada\u0144 genealogicznych. Miedzierza ma to szcz\u0119\u015bcie, \u017ce zachowa\u0142y si\u0119 ksi\u0119gi metrykalne parafii si\u0119gaj\u0105ce 1789 roku, a ich tre\u015b\u0107 zosta\u0142a wprowadzona do portalu <a href=\"http:\/\/geneteka.genealodzy.pl\">geneteka.genealodzy.pl<\/a>. Dzisiaj nie wychodz\u0105c z domu mo\u017cna w \u0142atwy spos\u00f3b stworzy\u0107 swoje drzewo genealogiczne z miedzierskimi przodkami.<\/p>\n\n\n\n<hr class=\"wp-block-separator has-alpha-channel-opacity\"\/>\n\n\n\n<figure class=\"wp-block-image size-large\"><img loading=\"lazy\" decoding=\"async\" width=\"1024\" height=\"771\" src=\"https:\/\/miedzierza.pl\/wp-content\/uploads\/2026\/04\/drzewo1-1024x771.jpg\" alt=\"\" class=\"wp-image-331\" srcset=\"https:\/\/miedzierza.pl\/wp-content\/uploads\/2026\/04\/drzewo1-1024x771.jpg 1024w, https:\/\/miedzierza.pl\/wp-content\/uploads\/2026\/04\/drzewo1-300x226.jpg 300w, https:\/\/miedzierza.pl\/wp-content\/uploads\/2026\/04\/drzewo1-768x578.jpg 768w, https:\/\/miedzierza.pl\/wp-content\/uploads\/2026\/04\/drzewo1-1536x1157.jpg 1536w, https:\/\/miedzierza.pl\/wp-content\/uploads\/2026\/04\/drzewo1-2048x1542.jpg 2048w\" sizes=\"auto, (max-width: 1024px) 100vw, 1024px\" \/><\/figure>\n\n\n\n<hr class=\"wp-block-separator has-alpha-channel-opacity\"\/>\n\n\n\n<p>Na zdj\u0119ciu stoj\u0119 przy opracowanym drzewie genealogicznym mojej rodziny. Drzewo to przedstawia przodk\u00f3w i potomk\u00f3w si\u00f3str Zielonka, o kt\u00f3rych wielokrotnie wspominam na kartach ksi\u0105\u017cki. Liczy 12 pokole\u0144 i 217 &nbsp;os\u00f3b. Najdalej si\u0119gaj\u0105cym w przesz\u0142o\u015b\u0107 korzeniem jest Szymon Tomala z Przy\u0142\u00f3g, kt\u00f3ry urodzi\u0142 si\u0119 oko\u0142o 1731 roku, najm\u0142odsz\u0105 za\u015b ga\u0142\u0105zk\u0105 jest o\u015bmiomiesi\u0119czna Zosia.<\/p>\n\n\n\n<p>Projekt graficzny drzewa opracowa\u0142 pan Sebastian Rachubi\u0144ski i powsta\u0142 przy znacz\u0105cym wsparciu finansowym mojej rodziny.<\/p>\n","protected":false},"excerpt":{"rendered":"<p>Na pomys\u0142 napisania ksi\u0105\u017cki o Miedzierzy wpad\u0142am podczas zbierania materia\u0142\u00f3w do drzewa genealogicznego mojej rodziny, kt\u00f3re od strony taty ukorzenione jest w\u0142a\u015bnie w tej miejscowo\u015bci i okolicach. W aneksie publikacji \u201eMiedzierza wczoraj i dzi\u015b\u201d znajduje si\u0119 poradnik dotycz\u0105cy poszukiwania przodk\u00f3w. Pisz\u0105c go opiera\u0142am si\u0119 na w\u0142asnych do\u015bwiadczeniach zebranych podczas wieloletnich [&hellip;]<\/p>\n","protected":false},"author":1,"featured_media":331,"comment_status":"open","ping_status":"open","sticky":false,"template":"","format":"standard","meta":{"footnotes":""},"categories":[4,3],"tags":[],"class_list":["post-330","post","type-post","status-publish","format-standard","has-post-thumbnail","hentry","category-ludzie","category-zrodla"],"yoast_head":"<!-- This site is optimized with the Yoast SEO plugin v24.7 - https:\/\/yoast.com\/wordpress\/plugins\/seo\/ -->\n<title>Miedzierska genealogia - Miedzierza wczoraj i dzi\u015b<\/title>\n<meta name=\"robots\" content=\"index, follow, max-snippet:-1, max-image-preview:large, max-video-preview:-1\" \/>\n<link rel=\"canonical\" href=\"https:\/\/miedzierza.pl\/?p=330\" \/>\n<meta property=\"og:locale\" content=\"pl_PL\" \/>\n<meta property=\"og:type\" content=\"article\" \/>\n<meta property=\"og:title\" content=\"Miedzierska genealogia - Miedzierza wczoraj i dzi\u015b\" \/>\n<meta property=\"og:description\" content=\"Na pomys\u0142 napisania ksi\u0105\u017cki o Miedzierzy wpad\u0142am podczas zbierania materia\u0142\u00f3w do drzewa genealogicznego mojej rodziny, kt\u00f3re od strony taty ukorzenione jest w\u0142a\u015bnie w tej miejscowo\u015bci i okolicach. W aneksie publikacji \u201eMiedzierza wczoraj i dzi\u015b\u201d znajduje si\u0119 poradnik dotycz\u0105cy poszukiwania przodk\u00f3w. Pisz\u0105c go opiera\u0142am si\u0119 na w\u0142asnych do\u015bwiadczeniach zebranych podczas wieloletnich [&hellip;]\" \/>\n<meta property=\"og:url\" content=\"https:\/\/miedzierza.pl\/?p=330\" \/>\n<meta property=\"og:site_name\" content=\"Miedzierza wczoraj i dzi\u015b\" \/>\n<meta property=\"article:published_time\" content=\"2026-04-26T08:57:09+00:00\" \/>\n<meta property=\"article:modified_time\" content=\"2026-04-26T08:57:10+00:00\" \/>\n<meta property=\"og:image\" content=\"https:\/\/miedzierza.pl\/wp-content\/uploads\/2026\/04\/drzewo1-scaled.jpg\" \/>\n\t<meta property=\"og:image:width\" content=\"2560\" \/>\n\t<meta property=\"og:image:height\" content=\"1928\" \/>\n\t<meta property=\"og:image:type\" content=\"image\/jpeg\" \/>\n<meta name=\"author\" content=\"Katarzyna Ga\u0142a\" \/>\n<meta name=\"twitter:card\" content=\"summary_large_image\" \/>\n<meta name=\"twitter:label1\" content=\"Napisane przez\" \/>\n\t<meta name=\"twitter:data1\" content=\"Katarzyna Ga\u0142a\" \/>\n\t<meta name=\"twitter:label2\" content=\"Szacowany czas czytania\" \/>\n\t<meta name=\"twitter:data2\" content=\"2 minuty\" \/>\n<script type=\"application\/ld+json\" class=\"yoast-schema-graph\">{\"@context\":\"https:\/\/schema.org\",\"@graph\":[{\"@type\":\"WebPage\",\"@id\":\"https:\/\/miedzierza.pl\/?p=330\",\"url\":\"https:\/\/miedzierza.pl\/?p=330\",\"name\":\"Miedzierska genealogia - Miedzierza wczoraj i dzi\u015b\",\"isPartOf\":{\"@id\":\"https:\/\/miedzierza.pl\/#website\"},\"primaryImageOfPage\":{\"@id\":\"https:\/\/miedzierza.pl\/?p=330#primaryimage\"},\"image\":{\"@id\":\"https:\/\/miedzierza.pl\/?p=330#primaryimage\"},\"thumbnailUrl\":\"https:\/\/miedzierza.pl\/wp-content\/uploads\/2026\/04\/drzewo1-scaled.jpg\",\"datePublished\":\"2026-04-26T08:57:09+00:00\",\"dateModified\":\"2026-04-26T08:57:10+00:00\",\"author\":{\"@id\":\"https:\/\/miedzierza.pl\/#\/schema\/person\/bbbeffb3caa45b3b5d1bc29886fa1794\"},\"breadcrumb\":{\"@id\":\"https:\/\/miedzierza.pl\/?p=330#breadcrumb\"},\"inLanguage\":\"pl-PL\",\"potentialAction\":[{\"@type\":\"ReadAction\",\"target\":[\"https:\/\/miedzierza.pl\/?p=330\"]}]},{\"@type\":\"ImageObject\",\"inLanguage\":\"pl-PL\",\"@id\":\"https:\/\/miedzierza.pl\/?p=330#primaryimage\",\"url\":\"https:\/\/miedzierza.pl\/wp-content\/uploads\/2026\/04\/drzewo1-scaled.jpg\",\"contentUrl\":\"https:\/\/miedzierza.pl\/wp-content\/uploads\/2026\/04\/drzewo1-scaled.jpg\",\"width\":2560,\"height\":1928},{\"@type\":\"BreadcrumbList\",\"@id\":\"https:\/\/miedzierza.pl\/?p=330#breadcrumb\",\"itemListElement\":[{\"@type\":\"ListItem\",\"position\":1,\"name\":\"Strona g\u0142\u00f3wna\",\"item\":\"https:\/\/miedzierza.pl\/\"},{\"@type\":\"ListItem\",\"position\":2,\"name\":\"Miedzierska genealogia\"}]},{\"@type\":\"WebSite\",\"@id\":\"https:\/\/miedzierza.pl\/#website\",\"url\":\"https:\/\/miedzierza.pl\/\",\"name\":\"Miedzierza wczoraj i dzi\u015b\",\"description\":\"\",\"potentialAction\":[{\"@type\":\"SearchAction\",\"target\":{\"@type\":\"EntryPoint\",\"urlTemplate\":\"https:\/\/miedzierza.pl\/?s={search_term_string}\"},\"query-input\":{\"@type\":\"PropertyValueSpecification\",\"valueRequired\":true,\"valueName\":\"search_term_string\"}}],\"inLanguage\":\"pl-PL\"},{\"@type\":\"Person\",\"@id\":\"https:\/\/miedzierza.pl\/#\/schema\/person\/bbbeffb3caa45b3b5d1bc29886fa1794\",\"name\":\"Katarzyna Ga\u0142a\",\"image\":{\"@type\":\"ImageObject\",\"inLanguage\":\"pl-PL\",\"@id\":\"https:\/\/miedzierza.pl\/#\/schema\/person\/image\/\",\"url\":\"https:\/\/secure.gravatar.com\/avatar\/c618cd0835801ffdc5f714f82cfa305c?s=96&d=mm&r=g\",\"contentUrl\":\"https:\/\/secure.gravatar.com\/avatar\/c618cd0835801ffdc5f714f82cfa305c?s=96&d=mm&r=g\",\"caption\":\"Katarzyna Ga\u0142a\"},\"sameAs\":[\"https:\/\/miedzierza.pl\"],\"url\":\"https:\/\/miedzierza.pl\/?author=1\"}]}<\/script>\n<!-- \/ Yoast SEO plugin. -->","yoast_head_json":{"title":"Miedzierska genealogia - Miedzierza wczoraj i dzi\u015b","robots":{"index":"index","follow":"follow","max-snippet":"max-snippet:-1","max-image-preview":"max-image-preview:large","max-video-preview":"max-video-preview:-1"},"canonical":"https:\/\/miedzierza.pl\/?p=330","og_locale":"pl_PL","og_type":"article","og_title":"Miedzierska genealogia - Miedzierza wczoraj i dzi\u015b","og_description":"Na pomys\u0142 napisania ksi\u0105\u017cki o Miedzierzy wpad\u0142am podczas zbierania materia\u0142\u00f3w do drzewa genealogicznego mojej rodziny, kt\u00f3re od strony taty ukorzenione jest w\u0142a\u015bnie w tej miejscowo\u015bci i okolicach. W aneksie publikacji \u201eMiedzierza wczoraj i dzi\u015b\u201d znajduje si\u0119 poradnik dotycz\u0105cy poszukiwania przodk\u00f3w. Pisz\u0105c go opiera\u0142am si\u0119 na w\u0142asnych do\u015bwiadczeniach zebranych podczas wieloletnich [&hellip;]","og_url":"https:\/\/miedzierza.pl\/?p=330","og_site_name":"Miedzierza wczoraj i dzi\u015b","article_published_time":"2026-04-26T08:57:09+00:00","article_modified_time":"2026-04-26T08:57:10+00:00","og_image":[{"width":2560,"height":1928,"url":"https:\/\/miedzierza.pl\/wp-content\/uploads\/2026\/04\/drzewo1-scaled.jpg","type":"image\/jpeg"}],"author":"Katarzyna Ga\u0142a","twitter_card":"summary_large_image","twitter_misc":{"Napisane przez":"Katarzyna Ga\u0142a","Szacowany czas czytania":"2 minuty"},"schema":{"@context":"https:\/\/schema.org","@graph":[{"@type":"WebPage","@id":"https:\/\/miedzierza.pl\/?p=330","url":"https:\/\/miedzierza.pl\/?p=330","name":"Miedzierska genealogia - Miedzierza wczoraj i dzi\u015b","isPartOf":{"@id":"https:\/\/miedzierza.pl\/#website"},"primaryImageOfPage":{"@id":"https:\/\/miedzierza.pl\/?p=330#primaryimage"},"image":{"@id":"https:\/\/miedzierza.pl\/?p=330#primaryimage"},"thumbnailUrl":"https:\/\/miedzierza.pl\/wp-content\/uploads\/2026\/04\/drzewo1-scaled.jpg","datePublished":"2026-04-26T08:57:09+00:00","dateModified":"2026-04-26T08:57:10+00:00","author":{"@id":"https:\/\/miedzierza.pl\/#\/schema\/person\/bbbeffb3caa45b3b5d1bc29886fa1794"},"breadcrumb":{"@id":"https:\/\/miedzierza.pl\/?p=330#breadcrumb"},"inLanguage":"pl-PL","potentialAction":[{"@type":"ReadAction","target":["https:\/\/miedzierza.pl\/?p=330"]}]},{"@type":"ImageObject","inLanguage":"pl-PL","@id":"https:\/\/miedzierza.pl\/?p=330#primaryimage","url":"https:\/\/miedzierza.pl\/wp-content\/uploads\/2026\/04\/drzewo1-scaled.jpg","contentUrl":"https:\/\/miedzierza.pl\/wp-content\/uploads\/2026\/04\/drzewo1-scaled.jpg","width":2560,"height":1928},{"@type":"BreadcrumbList","@id":"https:\/\/miedzierza.pl\/?p=330#breadcrumb","itemListElement":[{"@type":"ListItem","position":1,"name":"Strona g\u0142\u00f3wna","item":"https:\/\/miedzierza.pl\/"},{"@type":"ListItem","position":2,"name":"Miedzierska genealogia"}]},{"@type":"WebSite","@id":"https:\/\/miedzierza.pl\/#website","url":"https:\/\/miedzierza.pl\/","name":"Miedzierza wczoraj i dzi\u015b","description":"","potentialAction":[{"@type":"SearchAction","target":{"@type":"EntryPoint","urlTemplate":"https:\/\/miedzierza.pl\/?s={search_term_string}"},"query-input":{"@type":"PropertyValueSpecification","valueRequired":true,"valueName":"search_term_string"}}],"inLanguage":"pl-PL"},{"@type":"Person","@id":"https:\/\/miedzierza.pl\/#\/schema\/person\/bbbeffb3caa45b3b5d1bc29886fa1794","name":"Katarzyna Ga\u0142a","image":{"@type":"ImageObject","inLanguage":"pl-PL","@id":"https:\/\/miedzierza.pl\/#\/schema\/person\/image\/","url":"https:\/\/secure.gravatar.com\/avatar\/c618cd0835801ffdc5f714f82cfa305c?s=96&d=mm&r=g","contentUrl":"https:\/\/secure.gravatar.com\/avatar\/c618cd0835801ffdc5f714f82cfa305c?s=96&d=mm&r=g","caption":"Katarzyna Ga\u0142a"},"sameAs":["https:\/\/miedzierza.pl"],"url":"https:\/\/miedzierza.pl\/?author=1"}]}},"blog_post_layout_featured_media_urls":{"thumbnail":["https:\/\/miedzierza.pl\/wp-content\/uploads\/2026\/04\/drzewo1-150x150.jpg",150,150,true],"full":["https:\/\/miedzierza.pl\/wp-content\/uploads\/2026\/04\/drzewo1-scaled.jpg",2560,1928,false]},"categories_names":{"4":{"name":"Ludzie","link":"https:\/\/miedzierza.pl\/?cat=4"},"3":{"name":"\u0179r\u00f3d\u0142a","link":"https:\/\/miedzierza.pl\/?cat=3"}},"tags_names":[],"comments_number":"0","_links":{"self":[{"href":"https:\/\/miedzierza.pl\/index.php?rest_route=\/wp\/v2\/posts\/330","targetHints":{"allow":["GET"]}}],"collection":[{"href":"https:\/\/miedzierza.pl\/index.php?rest_route=\/wp\/v2\/posts"}],"about":[{"href":"https:\/\/miedzierza.pl\/index.php?rest_route=\/wp\/v2\/types\/post"}],"author":[{"embeddable":true,"href":"https:\/\/miedzierza.pl\/index.php?rest_route=\/wp\/v2\/users\/1"}],"replies":[{"embeddable":true,"href":"https:\/\/miedzierza.pl\/index.php?rest_route=%2Fwp%2Fv2%2Fcomments&post=330"}],"version-history":[{"count":1,"href":"https:\/\/miedzierza.pl\/index.php?rest_route=\/wp\/v2\/posts\/330\/revisions"}],"predecessor-version":[{"id":332,"href":"https:\/\/miedzierza.pl\/index.php?rest_route=\/wp\/v2\/posts\/330\/revisions\/332"}],"wp:featuredmedia":[{"embeddable":true,"href":"https:\/\/miedzierza.pl\/index.php?rest_route=\/wp\/v2\/media\/331"}],"wp:attachment":[{"href":"https:\/\/miedzierza.pl\/index.php?rest_route=%2Fwp%2Fv2%2Fmedia&parent=330"}],"wp:term":[{"taxonomy":"category","embeddable":true,"href":"https:\/\/miedzierza.pl\/index.php?rest_route=%2Fwp%2Fv2%2Fcategories&post=330"},{"taxonomy":"post_tag","embeddable":true,"href":"https:\/\/miedzierza.pl\/index.php?rest_route=%2Fwp%2Fv2%2Ftags&post=330"}],"curies":[{"name":"wp","href":"https:\/\/api.w.org\/{rel}","templated":true}]}}