{"id":83,"date":"2025-02-03T14:51:54","date_gmt":"2025-02-03T14:51:54","guid":{"rendered":"https:\/\/miedzierza.pl\/?p=83"},"modified":"2025-02-10T19:23:33","modified_gmt":"2025-02-10T19:23:33","slug":"zrodla-archiwalne","status":"publish","type":"post","link":"https:\/\/miedzierza.pl\/?p=83","title":{"rendered":"\u0179r\u00f3d\u0142a archiwalne"},"content":{"rendered":"\n<p class=\"has-text-align-left\">Ksi\u0105\u017cka opiera si\u0119 na \u017ar\u00f3d\u0142ach archiwalnych pochodz\u0105cych z Archiwum Pa\u0144stwowego w Kielcach, Archiwum Pa\u0144stwowego w Radomiu i Delegatury Instytutu Pami\u0119ci Narodowej w Kielcach oraz na dokumentach Pracowni S\u0142ownika Historyczno-Geograficznego Ma\u0142opolski w Krakowie i Archiwum \u015awi\u0119tokrzyskiego Wojew\u00f3dzkiego Konserwatora Zabytk\u00f3w w Kielcach. Kluczowy by\u0142 r\u00f3wnie\u017c dost\u0119p do archiwum parafialnego w Miedzierzy.<\/p>\n\n\n\n<div class=\"wp-block-group is-nowrap is-layout-flex wp-container-core-group-is-layout-1 wp-block-group-is-layout-flex\">\n<blockquote class=\"wp-block-quote is-layout-flow wp-block-quote-is-layout-flow\">\n<p>Praca w archiwum mo\u017ce wydawa\u0107 si\u0119 \u017cmudna i monotonna, dla mnie by\u0142a jednak ekscytuj\u0105c\u0105 przygod\u0105. Chwil\u0119, kiedy po godzinach przegl\u0105dania kolejnych stron danego \u017ar\u00f3d\u0142a docieramy nagle do jakiej\u015b kluczowej czy zaskakuj\u0105cej informacji, my\u015bl\u0119, \u017ce mo\u017cna por\u00f3wna\u0107 do trafienia na \u017cy\u0142\u0119 z\u0142ota. Niejedn\u0105 miedziersk\u0105 tajemnic\u0119 uda\u0142o mi si\u0119 rozwik\u0142a\u0107 w\u0142a\u015bnie dzi\u0119ki pracy w archiwum. Nie brak te\u017c by\u0142o bardziej osobistych moment\u00f3w. Przy czytaniu dokument\u00f3w Komisji Badania Zbrodni Hitlerowskich natkn\u0119\u0142am si\u0119 na zeznania mojego dziadka. Moja rodzina nie by\u0142a wcze\u015bniej \u015bwiadoma tego, jak wielu dramatycznych wydarze\u0144 by\u0142 \u015bwiadkiem.<\/p>\n\n\n\n<p class=\"has-text-align-right\"><strong>Autorka ksi\u0105\u017cki<\/strong><\/p>\n<\/blockquote>\n\n\n\n<p><\/p>\n<\/div>\n\n\n\n<figure class=\"wp-block-image size-large is-resized\"><img loading=\"lazy\" decoding=\"async\" width=\"768\" height=\"1024\" src=\"https:\/\/miedzierza.pl\/wp-content\/uploads\/2025\/02\/Archiwum-768x1024.jpg\" alt=\"\" class=\"wp-image-84\" style=\"width:479px;height:auto\" srcset=\"https:\/\/miedzierza.pl\/wp-content\/uploads\/2025\/02\/Archiwum-768x1024.jpg 768w, https:\/\/miedzierza.pl\/wp-content\/uploads\/2025\/02\/Archiwum-225x300.jpg 225w, https:\/\/miedzierza.pl\/wp-content\/uploads\/2025\/02\/Archiwum-1152x1536.jpg 1152w, https:\/\/miedzierza.pl\/wp-content\/uploads\/2025\/02\/Archiwum-1536x2048.jpg 1536w, https:\/\/miedzierza.pl\/wp-content\/uploads\/2025\/02\/Archiwum-scaled.jpg 1920w\" sizes=\"auto, (max-width: 768px) 100vw, 768px\" \/><\/figure>\n\n\n\n<p>Na zdj\u0119ciu autorka podczas jednej z wielu wizyt w Archiwum Pa\u0144stwowym w Kielcach<\/p>\n\n\n\n<figure class=\"wp-block-image size-large is-resized\"><img loading=\"lazy\" decoding=\"async\" width=\"683\" height=\"1024\" src=\"https:\/\/miedzierza.pl\/wp-content\/uploads\/2025\/02\/Inwentarz-683x1024.jpg\" alt=\"\" class=\"wp-image-88\" style=\"width:480px;height:auto\" srcset=\"https:\/\/miedzierza.pl\/wp-content\/uploads\/2025\/02\/Inwentarz-683x1024.jpg 683w, https:\/\/miedzierza.pl\/wp-content\/uploads\/2025\/02\/Inwentarz-200x300.jpg 200w, https:\/\/miedzierza.pl\/wp-content\/uploads\/2025\/02\/Inwentarz-768x1152.jpg 768w, https:\/\/miedzierza.pl\/wp-content\/uploads\/2025\/02\/Inwentarz-1024x1536.jpg 1024w, https:\/\/miedzierza.pl\/wp-content\/uploads\/2025\/02\/Inwentarz-1365x2048.jpg 1365w, https:\/\/miedzierza.pl\/wp-content\/uploads\/2025\/02\/Inwentarz-scaled.jpg 1707w\" sizes=\"auto, (max-width: 683px) 100vw, 683px\" \/><\/figure>\n\n\n\n<p>Akta dotycz\u0105ce d\u00f3br Lipa (Archiwum Pa\u0144stwowe w Radomiu), w kt\u00f3rych znajduje si\u0119 opis inwentarzowy Miedzierzy z 1835 roku. (Autor zdj\u0119cia: Maciej Ch\u0142opek)<\/p>\n\n\n\n<figure class=\"wp-block-image size-large is-resized\"><img loading=\"lazy\" decoding=\"async\" width=\"779\" height=\"1024\" src=\"https:\/\/miedzierza.pl\/wp-content\/uploads\/2025\/02\/Kronika-779x1024.jpg\" alt=\"\" class=\"wp-image-89\" style=\"width:485px;height:auto\" srcset=\"https:\/\/miedzierza.pl\/wp-content\/uploads\/2025\/02\/Kronika-779x1024.jpg 779w, https:\/\/miedzierza.pl\/wp-content\/uploads\/2025\/02\/Kronika-228x300.jpg 228w, https:\/\/miedzierza.pl\/wp-content\/uploads\/2025\/02\/Kronika-768x1009.jpg 768w, https:\/\/miedzierza.pl\/wp-content\/uploads\/2025\/02\/Kronika-1169x1536.jpg 1169w, https:\/\/miedzierza.pl\/wp-content\/uploads\/2025\/02\/Kronika-1559x2048.jpg 1559w, https:\/\/miedzierza.pl\/wp-content\/uploads\/2025\/02\/Kronika-scaled.jpg 1948w\" sizes=\"auto, (max-width: 779px) 100vw, 779px\" \/><\/figure>\n\n\n\n<p>Pierwsza strona Kroniki parafii Miedzierza z 1928 roku. Na g\u00f3rze znajduje si\u0119 \u0142aci\u0144ska sentencja: <em>ad perpetuam rei memoriam<\/em> co znaczy: <em>na wieczn\u0105 rzeczy pami\u0105tk\u0119<\/em>.<\/p>\n\n\n\n<figure class=\"wp-block-image size-large is-resized\"><img loading=\"lazy\" decoding=\"async\" width=\"795\" height=\"1024\" src=\"https:\/\/miedzierza.pl\/wp-content\/uploads\/2025\/02\/Ksiega-protokolow-795x1024.jpg\" alt=\"\" class=\"wp-image-90\" style=\"width:461px;height:auto\" srcset=\"https:\/\/miedzierza.pl\/wp-content\/uploads\/2025\/02\/Ksiega-protokolow-795x1024.jpg 795w, https:\/\/miedzierza.pl\/wp-content\/uploads\/2025\/02\/Ksiega-protokolow-233x300.jpg 233w, https:\/\/miedzierza.pl\/wp-content\/uploads\/2025\/02\/Ksiega-protokolow-768x989.jpg 768w, https:\/\/miedzierza.pl\/wp-content\/uploads\/2025\/02\/Ksiega-protokolow-1192x1536.jpg 1192w, https:\/\/miedzierza.pl\/wp-content\/uploads\/2025\/02\/Ksiega-protokolow-1590x2048.jpg 1590w, https:\/\/miedzierza.pl\/wp-content\/uploads\/2025\/02\/Ksiega-protokolow-scaled.jpg 1987w\" sizes=\"auto, (max-width: 795px) 100vw, 795px\" \/><\/figure>\n\n\n\n<p>Ksi\u0119ga protoko\u0142\u00f3w Gminnej Rady Narodowej w Miedzierzy 1945-1949. Archiwum Pa\u0144stwowe w Kielcach.<\/p>\n\n\n\n<figure class=\"wp-block-image size-large is-resized\"><img loading=\"lazy\" decoding=\"async\" width=\"768\" height=\"1024\" src=\"https:\/\/miedzierza.pl\/wp-content\/uploads\/2025\/02\/Krolewiec-768x1024.jpg\" alt=\"\" class=\"wp-image-91\" style=\"width:462px;height:auto\" srcset=\"https:\/\/miedzierza.pl\/wp-content\/uploads\/2025\/02\/Krolewiec-768x1024.jpg 768w, https:\/\/miedzierza.pl\/wp-content\/uploads\/2025\/02\/Krolewiec-225x300.jpg 225w, https:\/\/miedzierza.pl\/wp-content\/uploads\/2025\/02\/Krolewiec-1152x1536.jpg 1152w, https:\/\/miedzierza.pl\/wp-content\/uploads\/2025\/02\/Krolewiec-1536x2048.jpg 1536w, https:\/\/miedzierza.pl\/wp-content\/uploads\/2025\/02\/Krolewiec-scaled.jpg 1920w\" sizes=\"auto, (max-width: 768px) 100vw, 768px\" \/><\/figure>\n\n\n\n<p>Akta pacyfikacji Kr\u00f3lewca i Adamowa. Delegatura Instytutu Pami\u0119ci Narodowej w Kielcach.<\/p>\n\n\n\n<figure class=\"wp-block-image size-full is-resized\"><img loading=\"lazy\" decoding=\"async\" width=\"588\" height=\"853\" src=\"https:\/\/miedzierza.pl\/wp-content\/uploads\/2025\/02\/Szewczyk.png\" alt=\"\" class=\"wp-image-92\" style=\"width:459px;height:auto\" srcset=\"https:\/\/miedzierza.pl\/wp-content\/uploads\/2025\/02\/Szewczyk.png 588w, https:\/\/miedzierza.pl\/wp-content\/uploads\/2025\/02\/Szewczyk-207x300.png 207w\" sizes=\"auto, (max-width: 588px) 100vw, 588px\" \/><\/figure>\n\n\n\n<p>Charakterystyka organizacji Wolno\u015b\u0107 i Niezawis\u0142o\u015b\u0107 z dow\u00f3dc\u0105 Edwardem Szewczykiem. Delegatura Instytutu Pami\u0119ci Narodowej w Kielcach.<\/p>\n\n\n\n<p><\/p>\n","protected":false},"excerpt":{"rendered":"<p>Ksi\u0105\u017cka opiera si\u0119 na \u017ar\u00f3d\u0142ach archiwalnych pochodz\u0105cych z Archiwum Pa\u0144stwowego w Kielcach, Archiwum Pa\u0144stwowego w Radomiu i Delegatury Instytutu Pami\u0119ci Narodowej w Kielcach oraz na dokumentach Pracowni S\u0142ownika Historyczno-Geograficznego Ma\u0142opolski w Krakowie i Archiwum \u015awi\u0119tokrzyskiego Wojew\u00f3dzkiego Konserwatora Zabytk\u00f3w w Kielcach. Kluczowy by\u0142 r\u00f3wnie\u017c dost\u0119p do archiwum parafialnego w Miedzierzy. Praca [&hellip;]<\/p>\n","protected":false},"author":1,"featured_media":88,"comment_status":"open","ping_status":"open","sticky":false,"template":"","format":"standard","meta":{"footnotes":""},"categories":[3],"tags":[],"class_list":["post-83","post","type-post","status-publish","format-standard","has-post-thumbnail","hentry","category-zrodla"],"yoast_head":"<!-- This site is optimized with the Yoast SEO plugin v24.7 - https:\/\/yoast.com\/wordpress\/plugins\/seo\/ -->\n<title>\u0179r\u00f3d\u0142a archiwalne - Miedzierza wczoraj i dzi\u015b<\/title>\n<meta name=\"robots\" content=\"index, follow, max-snippet:-1, max-image-preview:large, max-video-preview:-1\" \/>\n<link rel=\"canonical\" href=\"https:\/\/miedzierza.pl\/?p=83\" \/>\n<meta property=\"og:locale\" content=\"pl_PL\" \/>\n<meta property=\"og:type\" content=\"article\" \/>\n<meta property=\"og:title\" content=\"\u0179r\u00f3d\u0142a archiwalne - Miedzierza wczoraj i dzi\u015b\" \/>\n<meta property=\"og:description\" content=\"Ksi\u0105\u017cka opiera si\u0119 na \u017ar\u00f3d\u0142ach archiwalnych pochodz\u0105cych z Archiwum Pa\u0144stwowego w Kielcach, Archiwum Pa\u0144stwowego w Radomiu i Delegatury Instytutu Pami\u0119ci Narodowej w Kielcach oraz na dokumentach Pracowni S\u0142ownika Historyczno-Geograficznego Ma\u0142opolski w Krakowie i Archiwum \u015awi\u0119tokrzyskiego Wojew\u00f3dzkiego Konserwatora Zabytk\u00f3w w Kielcach. Kluczowy by\u0142 r\u00f3wnie\u017c dost\u0119p do archiwum parafialnego w Miedzierzy. Praca [&hellip;]\" \/>\n<meta property=\"og:url\" content=\"https:\/\/miedzierza.pl\/?p=83\" \/>\n<meta property=\"og:site_name\" content=\"Miedzierza wczoraj i dzi\u015b\" \/>\n<meta property=\"article:published_time\" content=\"2025-02-03T14:51:54+00:00\" \/>\n<meta property=\"article:modified_time\" content=\"2025-02-10T19:23:33+00:00\" \/>\n<meta property=\"og:image\" content=\"https:\/\/miedzierza.pl\/wp-content\/uploads\/2025\/02\/Inwentarz-scaled.jpg\" \/>\n\t<meta property=\"og:image:width\" content=\"1707\" \/>\n\t<meta property=\"og:image:height\" content=\"2560\" \/>\n\t<meta property=\"og:image:type\" content=\"image\/jpeg\" \/>\n<meta name=\"author\" content=\"Katarzyna Ga\u0142a\" \/>\n<meta name=\"twitter:card\" content=\"summary_large_image\" \/>\n<meta name=\"twitter:label1\" content=\"Napisane przez\" \/>\n\t<meta name=\"twitter:data1\" content=\"Katarzyna Ga\u0142a\" \/>\n\t<meta name=\"twitter:label2\" content=\"Szacowany czas czytania\" \/>\n\t<meta name=\"twitter:data2\" content=\"3 minuty\" \/>\n<script type=\"application\/ld+json\" class=\"yoast-schema-graph\">{\"@context\":\"https:\/\/schema.org\",\"@graph\":[{\"@type\":\"WebPage\",\"@id\":\"https:\/\/miedzierza.pl\/?p=83\",\"url\":\"https:\/\/miedzierza.pl\/?p=83\",\"name\":\"\u0179r\u00f3d\u0142a archiwalne - Miedzierza wczoraj i dzi\u015b\",\"isPartOf\":{\"@id\":\"https:\/\/miedzierza.pl\/#website\"},\"primaryImageOfPage\":{\"@id\":\"https:\/\/miedzierza.pl\/?p=83#primaryimage\"},\"image\":{\"@id\":\"https:\/\/miedzierza.pl\/?p=83#primaryimage\"},\"thumbnailUrl\":\"https:\/\/miedzierza.pl\/wp-content\/uploads\/2025\/02\/Inwentarz-scaled.jpg\",\"datePublished\":\"2025-02-03T14:51:54+00:00\",\"dateModified\":\"2025-02-10T19:23:33+00:00\",\"author\":{\"@id\":\"https:\/\/miedzierza.pl\/#\/schema\/person\/bbbeffb3caa45b3b5d1bc29886fa1794\"},\"breadcrumb\":{\"@id\":\"https:\/\/miedzierza.pl\/?p=83#breadcrumb\"},\"inLanguage\":\"pl-PL\",\"potentialAction\":[{\"@type\":\"ReadAction\",\"target\":[\"https:\/\/miedzierza.pl\/?p=83\"]}]},{\"@type\":\"ImageObject\",\"inLanguage\":\"pl-PL\",\"@id\":\"https:\/\/miedzierza.pl\/?p=83#primaryimage\",\"url\":\"https:\/\/miedzierza.pl\/wp-content\/uploads\/2025\/02\/Inwentarz-scaled.jpg\",\"contentUrl\":\"https:\/\/miedzierza.pl\/wp-content\/uploads\/2025\/02\/Inwentarz-scaled.jpg\",\"width\":1707,\"height\":2560},{\"@type\":\"BreadcrumbList\",\"@id\":\"https:\/\/miedzierza.pl\/?p=83#breadcrumb\",\"itemListElement\":[{\"@type\":\"ListItem\",\"position\":1,\"name\":\"Strona g\u0142\u00f3wna\",\"item\":\"https:\/\/miedzierza.pl\/\"},{\"@type\":\"ListItem\",\"position\":2,\"name\":\"\u0179r\u00f3d\u0142a archiwalne\"}]},{\"@type\":\"WebSite\",\"@id\":\"https:\/\/miedzierza.pl\/#website\",\"url\":\"https:\/\/miedzierza.pl\/\",\"name\":\"Miedzierza wczoraj i dzi\u015b\",\"description\":\"\",\"potentialAction\":[{\"@type\":\"SearchAction\",\"target\":{\"@type\":\"EntryPoint\",\"urlTemplate\":\"https:\/\/miedzierza.pl\/?s={search_term_string}\"},\"query-input\":{\"@type\":\"PropertyValueSpecification\",\"valueRequired\":true,\"valueName\":\"search_term_string\"}}],\"inLanguage\":\"pl-PL\"},{\"@type\":\"Person\",\"@id\":\"https:\/\/miedzierza.pl\/#\/schema\/person\/bbbeffb3caa45b3b5d1bc29886fa1794\",\"name\":\"Katarzyna Ga\u0142a\",\"image\":{\"@type\":\"ImageObject\",\"inLanguage\":\"pl-PL\",\"@id\":\"https:\/\/miedzierza.pl\/#\/schema\/person\/image\/\",\"url\":\"https:\/\/secure.gravatar.com\/avatar\/c618cd0835801ffdc5f714f82cfa305c?s=96&d=mm&r=g\",\"contentUrl\":\"https:\/\/secure.gravatar.com\/avatar\/c618cd0835801ffdc5f714f82cfa305c?s=96&d=mm&r=g\",\"caption\":\"Katarzyna Ga\u0142a\"},\"sameAs\":[\"https:\/\/miedzierza.pl\"],\"url\":\"https:\/\/miedzierza.pl\/?author=1\"}]}<\/script>\n<!-- \/ Yoast SEO plugin. -->","yoast_head_json":{"title":"\u0179r\u00f3d\u0142a archiwalne - Miedzierza wczoraj i dzi\u015b","robots":{"index":"index","follow":"follow","max-snippet":"max-snippet:-1","max-image-preview":"max-image-preview:large","max-video-preview":"max-video-preview:-1"},"canonical":"https:\/\/miedzierza.pl\/?p=83","og_locale":"pl_PL","og_type":"article","og_title":"\u0179r\u00f3d\u0142a archiwalne - Miedzierza wczoraj i dzi\u015b","og_description":"Ksi\u0105\u017cka opiera si\u0119 na \u017ar\u00f3d\u0142ach archiwalnych pochodz\u0105cych z Archiwum Pa\u0144stwowego w Kielcach, Archiwum Pa\u0144stwowego w Radomiu i Delegatury Instytutu Pami\u0119ci Narodowej w Kielcach oraz na dokumentach Pracowni S\u0142ownika Historyczno-Geograficznego Ma\u0142opolski w Krakowie i Archiwum \u015awi\u0119tokrzyskiego Wojew\u00f3dzkiego Konserwatora Zabytk\u00f3w w Kielcach. Kluczowy by\u0142 r\u00f3wnie\u017c dost\u0119p do archiwum parafialnego w Miedzierzy. Praca [&hellip;]","og_url":"https:\/\/miedzierza.pl\/?p=83","og_site_name":"Miedzierza wczoraj i dzi\u015b","article_published_time":"2025-02-03T14:51:54+00:00","article_modified_time":"2025-02-10T19:23:33+00:00","og_image":[{"width":1707,"height":2560,"url":"https:\/\/miedzierza.pl\/wp-content\/uploads\/2025\/02\/Inwentarz-scaled.jpg","type":"image\/jpeg"}],"author":"Katarzyna Ga\u0142a","twitter_card":"summary_large_image","twitter_misc":{"Napisane przez":"Katarzyna Ga\u0142a","Szacowany czas czytania":"3 minuty"},"schema":{"@context":"https:\/\/schema.org","@graph":[{"@type":"WebPage","@id":"https:\/\/miedzierza.pl\/?p=83","url":"https:\/\/miedzierza.pl\/?p=83","name":"\u0179r\u00f3d\u0142a archiwalne - Miedzierza wczoraj i dzi\u015b","isPartOf":{"@id":"https:\/\/miedzierza.pl\/#website"},"primaryImageOfPage":{"@id":"https:\/\/miedzierza.pl\/?p=83#primaryimage"},"image":{"@id":"https:\/\/miedzierza.pl\/?p=83#primaryimage"},"thumbnailUrl":"https:\/\/miedzierza.pl\/wp-content\/uploads\/2025\/02\/Inwentarz-scaled.jpg","datePublished":"2025-02-03T14:51:54+00:00","dateModified":"2025-02-10T19:23:33+00:00","author":{"@id":"https:\/\/miedzierza.pl\/#\/schema\/person\/bbbeffb3caa45b3b5d1bc29886fa1794"},"breadcrumb":{"@id":"https:\/\/miedzierza.pl\/?p=83#breadcrumb"},"inLanguage":"pl-PL","potentialAction":[{"@type":"ReadAction","target":["https:\/\/miedzierza.pl\/?p=83"]}]},{"@type":"ImageObject","inLanguage":"pl-PL","@id":"https:\/\/miedzierza.pl\/?p=83#primaryimage","url":"https:\/\/miedzierza.pl\/wp-content\/uploads\/2025\/02\/Inwentarz-scaled.jpg","contentUrl":"https:\/\/miedzierza.pl\/wp-content\/uploads\/2025\/02\/Inwentarz-scaled.jpg","width":1707,"height":2560},{"@type":"BreadcrumbList","@id":"https:\/\/miedzierza.pl\/?p=83#breadcrumb","itemListElement":[{"@type":"ListItem","position":1,"name":"Strona g\u0142\u00f3wna","item":"https:\/\/miedzierza.pl\/"},{"@type":"ListItem","position":2,"name":"\u0179r\u00f3d\u0142a archiwalne"}]},{"@type":"WebSite","@id":"https:\/\/miedzierza.pl\/#website","url":"https:\/\/miedzierza.pl\/","name":"Miedzierza wczoraj i dzi\u015b","description":"","potentialAction":[{"@type":"SearchAction","target":{"@type":"EntryPoint","urlTemplate":"https:\/\/miedzierza.pl\/?s={search_term_string}"},"query-input":{"@type":"PropertyValueSpecification","valueRequired":true,"valueName":"search_term_string"}}],"inLanguage":"pl-PL"},{"@type":"Person","@id":"https:\/\/miedzierza.pl\/#\/schema\/person\/bbbeffb3caa45b3b5d1bc29886fa1794","name":"Katarzyna Ga\u0142a","image":{"@type":"ImageObject","inLanguage":"pl-PL","@id":"https:\/\/miedzierza.pl\/#\/schema\/person\/image\/","url":"https:\/\/secure.gravatar.com\/avatar\/c618cd0835801ffdc5f714f82cfa305c?s=96&d=mm&r=g","contentUrl":"https:\/\/secure.gravatar.com\/avatar\/c618cd0835801ffdc5f714f82cfa305c?s=96&d=mm&r=g","caption":"Katarzyna Ga\u0142a"},"sameAs":["https:\/\/miedzierza.pl"],"url":"https:\/\/miedzierza.pl\/?author=1"}]}},"blog_post_layout_featured_media_urls":{"thumbnail":["https:\/\/miedzierza.pl\/wp-content\/uploads\/2025\/02\/Inwentarz-150x150.jpg",150,150,true],"full":["https:\/\/miedzierza.pl\/wp-content\/uploads\/2025\/02\/Inwentarz-scaled.jpg",1707,2560,false]},"categories_names":{"3":{"name":"\u0179r\u00f3d\u0142a","link":"https:\/\/miedzierza.pl\/?cat=3"}},"tags_names":[],"comments_number":"0","_links":{"self":[{"href":"https:\/\/miedzierza.pl\/index.php?rest_route=\/wp\/v2\/posts\/83","targetHints":{"allow":["GET"]}}],"collection":[{"href":"https:\/\/miedzierza.pl\/index.php?rest_route=\/wp\/v2\/posts"}],"about":[{"href":"https:\/\/miedzierza.pl\/index.php?rest_route=\/wp\/v2\/types\/post"}],"author":[{"embeddable":true,"href":"https:\/\/miedzierza.pl\/index.php?rest_route=\/wp\/v2\/users\/1"}],"replies":[{"embeddable":true,"href":"https:\/\/miedzierza.pl\/index.php?rest_route=%2Fwp%2Fv2%2Fcomments&post=83"}],"version-history":[{"count":6,"href":"https:\/\/miedzierza.pl\/index.php?rest_route=\/wp\/v2\/posts\/83\/revisions"}],"predecessor-version":[{"id":160,"href":"https:\/\/miedzierza.pl\/index.php?rest_route=\/wp\/v2\/posts\/83\/revisions\/160"}],"wp:featuredmedia":[{"embeddable":true,"href":"https:\/\/miedzierza.pl\/index.php?rest_route=\/wp\/v2\/media\/88"}],"wp:attachment":[{"href":"https:\/\/miedzierza.pl\/index.php?rest_route=%2Fwp%2Fv2%2Fmedia&parent=83"}],"wp:term":[{"taxonomy":"category","embeddable":true,"href":"https:\/\/miedzierza.pl\/index.php?rest_route=%2Fwp%2Fv2%2Fcategories&post=83"},{"taxonomy":"post_tag","embeddable":true,"href":"https:\/\/miedzierza.pl\/index.php?rest_route=%2Fwp%2Fv2%2Ftags&post=83"}],"curies":[{"name":"wp","href":"https:\/\/api.w.org\/{rel}","templated":true}]}}